{"id":1395,"date":"2021-07-01T15:54:48","date_gmt":"2021-07-01T13:54:48","guid":{"rendered":"https:\/\/cusstawiski.pl\/?p=1395"},"modified":"2021-12-17T12:44:05","modified_gmt":"2021-12-17T11:44:05","slug":"centrum-uslug-spolecznych-w-stawiskach","status":"publish","type":"post","link":"https:\/\/cusstawiski.pl\/?p=1395","title":{"rendered":"Centrum Us\u0142ug Spo\u0142ecznych w Stawiskach"},"content":{"rendered":"<h1 style=\"text-align: center;\"><em>Drodzy mieszka\u0144cy Gminy Stawiski\u00a0<\/em><\/h1>\n<p>Zgodnie z <span style=\"color: #002c5b;\"><a href=\"https:\/\/www.bip.stawiski.pl\/prawo.php?wiad=1723\">uchwa\u0142\u0105 Nr XXXIII\/185\/21 Rady Miejskiej w Stawiskach z dnia 31 maja 2021 r.<\/a><\/span>, z\u00a0dniem 1 lipca\u00a0 2021 r. O\u015brodek Pomocy Spo\u0142ecznej w Stawiskach zosta\u0142 przekszta\u0142cony w\u00a0Centrum Us\u0142ug Spo\u0142ecznych w Stawiskach.\u00a0 Now\u0105 siedzib\u0105 Centrum jest dawny budynek po Gimnazjum przy ul. Polowa 26 w Stawiskach.<\/p>\n<p>Centrum Us\u0142ug Spo\u0142ecznych w Stawiskach to nowa jednostka organizacyjna gminy i nowa instytucja lokalnej polityki spo\u0142ecznej, kt\u00f3ra b\u0119dzie s\u0142u\u017cy\u0107 rozwojowi i integracji us\u0142ug spo\u0142ecznych organizowanych i \u015bwiadczonych na poziomie lokalnym. Oczywi\u015bcie b\u0119dzie nadal organizowa\u0107 pomoc spo\u0142eczn\u0105, ale w jej gestii znajd\u0105 si\u0119 te\u017c dodatkowe zadania. Docelowo Centrum stanowi miejsce, w kt\u00f3rych nast\u0105pi pe\u0142na koordynacja us\u0142ug spo\u0142ecznych w jednym miejscu, z my\u015bl\u0105 o\u00a0wszystkich mieszka\u0144cach naszej gminy.<\/p>\n<p>Centrum Us\u0142ug Spo\u0142ecznych w Stawiskach jest miejscem, w kt\u00f3rym ka\u017cdy mieszkaniec, bez wzgl\u0119du na doch\u00f3d i sytuacj\u0119 spo\u0142eczn\u0105, otrzyma wsparcie w spos\u00f3b zindywidualizowany (us\u0142ugi \u201eszyte na miar\u0119\u201d). Co wa\u017cne b\u0119d\u0105 to kompleksowe us\u0142ugi spo\u0142eczne \u2013 od profilaktyki przez poradnictwo do dzia\u0142a\u0144 naprawczych, dost\u0119pnych powszechnie na poziomie lokalnym.<\/p>\n<p><img loading=\"lazy\" decoding=\"async\" class=\"alignleft wp-image-401\" src=\"https:\/\/cusstawiski.pl\/wp-content\/uploads\/2021\/09\/family-1.jpg\" alt=\"Obrazek dekoracyjny: przedstawia cz\u0142onk\u00f3w rodziny le\u017c\u0105cych jeden na drugim i pozuj\u0105cych do zdj\u0119cia\" width=\"270\" height=\"405\" srcset=\"https:\/\/cusstawiski.pl\/wp-content\/uploads\/2021\/09\/family-1.jpg 846w, https:\/\/cusstawiski.pl\/wp-content\/uploads\/2021\/09\/family-1-200x300.jpg 200w, https:\/\/cusstawiski.pl\/wp-content\/uploads\/2021\/09\/family-1-800x1200.jpg 800w, https:\/\/cusstawiski.pl\/wp-content\/uploads\/2021\/09\/family-1-768x1152.jpg 768w\" sizes=\"auto, (max-width: 270px) 100vw, 270px\" \/>Ot\u00f3\u017c Centrum Us\u0142ug Spo\u0142ecznych w Stawiskach b\u0119dzie bardziej aktywny w innych, nowych obszarach, takich jak kultura, edukacja, profilaktyka zdrowotna czy rekreacja. Szczeg\u00f3ln\u0105 uwag\u0105 zostan\u0105 obj\u0119te m.in. osoby starsze i niepe\u0142nosprawne, bezrobotni, a tak\u017ce ca\u0142e rodziny, kt\u00f3re wymaga\u0107 b\u0119d\u0105 pomocy lub specjalistycznego wsparcia. Dzi\u0119ki dzia\u0142alno\u015bci Centrum, us\u0142ugi spo\u0142eczne stan\u0105 si\u0119 szerzej dost\u0119pne dla wszystkich mieszka\u0144c\u00f3w naszej gminy, a my b\u0119dziemy w stanie trafniej i w spos\u00f3b bardziej kompleksowy odpowiada\u0107 na rosn\u0105ce i\u00a0 zmieniaj\u0105ce si\u0119 potrzeby os\u00f3b samotnych, rodzin i ca\u0142ych spo\u0142eczno\u015bci lokalnych.<\/p>\n<p>A zatem wsp\u00f3lnie stw\u00f3rzmy miejsce przyjazne dla wszystkich mieszka\u0144c\u00f3w naszej gminy, chocia\u017cby poprzez wsp\u00f3\u0142prac\u0119 i dzielenie si\u0119 z nami uwagami odno\u015bnie Waszych potrzeb. Otwieramy si\u0119 na nowo dla Pa\u0144stwa, maj\u0105c nadziej\u0119 \u017ce Centrum Us\u0142ug Spo\u0142ecznych w\u00a0 Stawiskach wykorzysta potencja\u0142 \u015brodowiska lokalnego oraz b\u0119dzie miejscem jego integracji.<\/p>\n<p style=\"text-align: right;\"><em>Izabela Wasilewska<\/em><br \/>\nDyrektor Centrum Us\u0142ug Spo\u0142ecznych<br \/>\nw Stawiskach<\/p>\n","protected":false},"excerpt":{"rendered":"<p>Drodzy mieszka\u0144cy Gminy Stawiski\u00a0 Zgodnie z uchwa\u0142\u0105 Nr XXXIII\/185\/21 Rady Miejskiej w Stawiskach z dnia 31 maja 2021 r., z\u00a0dniem 1 lipca\u00a0 2021 r. O\u015brodek&hellip;<\/p>\n","protected":false},"author":1,"featured_media":1510,"comment_status":"closed","ping_status":"closed","sticky":false,"template":"","format":"standard","meta":{"ngg_post_thumbnail":0,"footnotes":""},"categories":[1],"tags":[],"class_list":["post-1395","post","type-post","status-publish","format-standard","has-post-thumbnail","hentry","category-ogloszenia"],"_links":{"self":[{"href":"https:\/\/cusstawiski.pl\/index.php?rest_route=\/wp\/v2\/posts\/1395","targetHints":{"allow":["GET"]}}],"collection":[{"href":"https:\/\/cusstawiski.pl\/index.php?rest_route=\/wp\/v2\/posts"}],"about":[{"href":"https:\/\/cusstawiski.pl\/index.php?rest_route=\/wp\/v2\/types\/post"}],"author":[{"embeddable":true,"href":"https:\/\/cusstawiski.pl\/index.php?rest_route=\/wp\/v2\/users\/1"}],"replies":[{"embeddable":true,"href":"https:\/\/cusstawiski.pl\/index.php?rest_route=%2Fwp%2Fv2%2Fcomments&post=1395"}],"version-history":[{"count":3,"href":"https:\/\/cusstawiski.pl\/index.php?rest_route=\/wp\/v2\/posts\/1395\/revisions"}],"predecessor-version":[{"id":1622,"href":"https:\/\/cusstawiski.pl\/index.php?rest_route=\/wp\/v2\/posts\/1395\/revisions\/1622"}],"wp:featuredmedia":[{"embeddable":true,"href":"https:\/\/cusstawiski.pl\/index.php?rest_route=\/wp\/v2\/media\/1510"}],"wp:attachment":[{"href":"https:\/\/cusstawiski.pl\/index.php?rest_route=%2Fwp%2Fv2%2Fmedia&parent=1395"}],"wp:term":[{"taxonomy":"category","embeddable":true,"href":"https:\/\/cusstawiski.pl\/index.php?rest_route=%2Fwp%2Fv2%2Fcategories&post=1395"},{"taxonomy":"post_tag","embeddable":true,"href":"https:\/\/cusstawiski.pl\/index.php?rest_route=%2Fwp%2Fv2%2Ftags&post=1395"}],"curies":[{"name":"wp","href":"https:\/\/api.w.org\/{rel}","templated":true}]}}