{"id":3143,"date":"2024-01-17T15:49:30","date_gmt":"2024-01-17T14:49:30","guid":{"rendered":"https:\/\/cusstawiski.pl\/?p=3143"},"modified":"2024-01-17T15:56:31","modified_gmt":"2024-01-17T14:56:31","slug":"program-wyrownywania-roznic-miedzy-regionami-iii-w-2024-r","status":"publish","type":"post","link":"https:\/\/cusstawiski.pl\/?p=3143","title":{"rendered":"PROGRAM WYR\u00d3WNYWANIA R\u00d3\u017bNIC MI\u0118DZY REGIONAMI III w 2024 r."},"content":{"rendered":"<h2>ADRESACI PROGRAMU I OBSZARY WSPARCIA<\/h2>\n<p><span style=\"color: #002c5b;\"><strong>obszaru A<\/strong><\/span> (zapewnienie dost\u0119pno\u015bci w wielorodzinnych budynkach mieszkalnych) &#8211; zarz\u0105dcy w wielorodzinnych budynkach mieszkalnych;<\/p>\n<p><span style=\"color: #002c5b;\"><strong>obszaru B<\/strong><\/span> (likwidacja barier w urz\u0119dach, plac\u00f3wkach edukacyjnych lub \u015brodowiskowych domach samopomocy w zakresie umo\u017cliwienia osobom niepe\u0142nosprawnym poruszania si\u0119 i komunikowania) &#8211; gminy, powiaty lub podmioty, kt\u00f3re prowadz\u0105 plac\u00f3wki edukacyjne lub \u015brodowiskowe domy samopomocy, podmioty , kt\u00f3re prowadz\u0105 centra i kluby integracji spo\u0142ecznej , podmioty posiadaj\u0105ce status przedsi\u0119biorstwa spo\u0142ecznego, zatrudniaj\u0105ce osoby niepe\u0142nosprawne;<\/p>\n<p><span style=\"color: #002c5b;\"><strong>obszaru C<\/strong><\/span> (tworzenie sp\u00f3\u0142dzielni socjalnych os\u00f3b prawnych) &#8211; gminy , powiaty, organizacje pozarz\u0105dowe;<\/p>\n<p><span style=\"color: #002c5b;\"><strong>obszaru D<\/strong><\/span> (likwidacja barier transportowych):<\/p>\n<ol style=\"list-style-type: lower-alpha;\">\n<li>plac\u00f3wki s\u0142u\u017c\u0105ce rehabilitacji os\u00f3b niepe\u0142nosprawnych prowadzone przez: organizacje pozarz\u0105dowe, jednostki samorz\u0105du terytorialnego,<\/li>\n<li>jednostki prowadz\u0105ce warsztaty terapii zaj\u0119ciowej,<\/li>\n<li>gminy, kt\u00f3re dowo\u017c\u0105 osoby z niepe\u0142nosprawno\u015bciami do znajduj\u0105cych si\u0119 poza ich terenem plac\u00f3wek s\u0142u\u017c\u0105cych rehabilitacji os\u00f3b niepe\u0142nosprawnych;<\/li>\n<\/ol>\n<p><span style=\"color: #002c5b;\"><strong>obszaru E<\/strong><\/span> (dofinansowanie wymaganego wk\u0142adu w\u0142asnego w projektach dotycz\u0105cych aktywizacji i\/lub integracji os\u00f3b niepe\u0142nosprawnych) &#8211; gminy, powiaty, organizacje pozarz\u0105dowe oraz szko\u0142y wy\u017csze;<\/p>\n<p><span style=\"color: #002c5b;\"><strong>obszaru F<\/strong><\/span> (tworzenie warsztat\u00f3w terapii zaj\u0119ciowej oraz przeciwdzia\u0142anie degradacji infrastruktury istniej\u0105cego warsztatu terapii zaj\u0119ciowej, \u015brodowiskowego domu samopomocy lub zak\u0142adu aktywno\u015bci zawodowej \/prace adaptacyjne, remontowe, modernizacja lub rozbudowa obiektu, zakup niezb\u0119dnego wyposa\u017cenia) &#8211; jednostki samorz\u0105du terytorialnego lub organizacje pozarz\u0105dowe,<\/p>\n<p><span style=\"color: #002c5b;\"><strong>obszaru G<\/strong><\/span> (skierowanie do powiat\u00f3w poza algorytmem dodatkowych \u015brodk\u00f3w na finansowanie zada\u0144 ustawowych dotycz\u0105cych rehabilitacji zawodowej os\u00f3b niepe\u0142nosprawnych) &#8211; powiaty.<\/p>\n<p>Ilekro\u0107 w programie jest mowa o:<\/p>\n<p><span style=\"color: #002c5b;\"><strong>beneficjencie pomocy<\/strong><\/span> &#8211; nale\u017cy przez to rozumie\u0107 podmiot, na rzecz kt\u00f3rego realizowany jest projekt;<\/p>\n<p><span style=\"color: #002c5b;\"><strong>jednostkach prowadz\u0105cych warsztaty terapii zaj\u0119ciowej<\/strong><\/span> &#8211; nale\u017cy przez to rozumie\u0107 jednostki dzia\u0142aj\u0105ce zgodnie z zasadami zawartymi w Rozporz\u0105dzeniu Ministra Gospodarki, Pracy i Polityki Spo\u0142ecznej z dnia 25 marca 2004 r. w sprawie warsztat\u00f3w terapii zaj\u0119ciowej;<\/p>\n<p><span style=\"color: #002c5b;\"><strong>organizacjach pozarz\u0105dowych<\/strong><\/span> &#8211; nale\u017cy przez to rozumie\u0107 prowadz\u0105ce dzia\u0142alno\u015b\u0107 na rzecz os\u00f3b niepe\u0142nosprawnych przez okres co najmniej 2 lat przed dniem z\u0142o\u017cenia wniosku:<\/p>\n<ol style=\"list-style-type: lower-alpha;\">\n<li>organizacje pozarz\u0105dowe, o kt\u00f3rych mowa w art. 3 ust. 2 ustawy z dnia 24 kwietnia 2003 r. o dzia\u0142alno\u015bci po\u017cytku publicznego i o wolontariacie w tym fundacje i stowarzyszenia &#8211; posiadaj\u0105ce statutowy zapis o prowadzeniu dzia\u0142a\u0144 na rzecz os\u00f3b niepe\u0142nosprawnych,<\/li>\n<li>osoby prawne i jednostki organizacyjne dzia\u0142aj\u0105c\u0105 na podstawie przepis\u00f3w o stosunku Pa\u0144stwa do Ko\u015bcio\u0142a Katolickiego w Rzeczypospolitej Polskiej, o stosunku Pa\u0144stwa do innych ko\u015bcio\u0142\u00f3w i zwi\u0105zk\u00f3w wyznaniowych oraz o gwarancjach wolno\u015bci sumienia i wyznania;<\/li>\n<\/ol>\n<p><span style=\"color: #002c5b;\"><strong>plac\u00f3wce edukacyjnej<\/strong><\/span> &#8211; nale\u017cy przez to rozumie\u0107 dzia\u0142aj\u0105ce zgodnie z ustaw\u0105 z dnia 14 grudnia 2016 roku Prawo o\u015bwiatowe plac\u00f3wki, do kt\u00f3rych ucz\u0119szczaj\u0105 uczniowie niepe\u0142nosprawni w szczeg\u00f3lno\u015bci poruszaj\u0105cy si\u0119 na w\u00f3zkach inwalidzkich:<\/p>\n<ol style=\"list-style-type: lower-alpha;\">\n<li>przedszkola, w tym z oddzia\u0142ami integracyjnymi lub specjalnymi przedszkola integracyjne i specjalne,<\/li>\n<li>szko\u0142y podstawowe, w tym: specjalne, integracyjne, z oddzia\u0142ami przedszkolnymi, integracyjnymi, specjalnymi, przysposabiaj\u0105cymi do pracy, dwuj\u0119zycznymi, sportowymi i mistrzostwa sportowego, sportowe i mistrzostwa sportowego,<\/li>\n<li>szko\u0142y ponadpodstawowe, w tym: specjalne, integracyjne, dwuj\u0119zyczne, z oddzia\u0142ami integracyjnymi, specjalnymi, dwuj\u0119zycznymi, sportowymi i mistrzostwa sportowego, sportowe, mistrzostwa sportowego, rolnicze, le\u015bne, morskie, \u017ceglugi \u015br\u00f3dl\u0105dowej oraz rybo\u0142\u00f3wstwa,<\/li>\n<li>szko\u0142y artystyczne,<\/li>\n<li>poradnie psychologiczno-pedagogiczne, w tym poradnie specjalistyczne udzielaj\u0105ce dzieciom, m\u0142odzie\u017cy, rodzicom i nauczycielom pomocy psychologiczno-pedagogicznej, a tak\u017ce pomocy uczniom w wyborze kierunku kszta\u0142cenia i zawodu,<\/li>\n<li>m\u0142odzie\u017cowe o\u015brodki socjoterapii, specjalne o\u015brodki szkolno-wychowawcze oraz specjalne o\u015brodki wychowawcze dla dzieci i m\u0142odzie\u017cy wymagaj\u0105cych stosowania specjalnej organizacji nauki, metod pracy i wychowania, a tak\u017ce o\u015brodki rewalidacyjno-wychowawcze umo\u017cliwiaj\u0105ce dzieciom i m\u0142odzie\u017cy, o kt\u00f3rych mowa w art. 36 ust. 17, a tak\u017ce dzieciom i m\u0142odzie\u017cy z niepe\u0142nosprawno\u015bciami sprz\u0119\u017conymi, z kt\u00f3rych jedn\u0105 z niepe\u0142nosprawno\u015bci jest niepe\u0142nosprawno\u015b\u0107 intelektualna, realizacj\u0119 odpowiednio obowi\u0105zku, o kt\u00f3rym mowa w art. 31 ust. 4, obowi\u0105zku szkolnego i obowi\u0105zku nauki,<\/li>\n<li>plac\u00f3wki zapewniaj\u0105ce opiek\u0119 i wychowanie uczniom w okresie pobierania nauki poza miejscem sta\u0142ego zamieszkania;<\/li>\n<\/ol>\n<p><span style=\"color: #002c5b;\"><strong>plac\u00f3wce s\u0142u\u017c\u0105cej rehabilitacji os\u00f3b niepe\u0142nosprawnych<\/strong><\/span> &#8211; nale\u017cy przez to rozumie\u0107 plac\u00f3wk\u0119 dzia\u0142aj\u0105c\u0105 co najmniej rok, licz\u0105c od daty z\u0142o\u017cenia wniosku, w kt\u00f3rej udzielane jest wsparcie osobom niepe\u0142nosprawnym \u015bwiadczone w spos\u00f3b ci\u0105g\u0142y (tzn. co najmniej 5 dni w tygodniu, przez co najmniej 10 miesi\u0119cy w roku) prowadzon\u0105 przez organizacj\u0119 pozarz\u0105dow\u0105, jednostk\u0119 samorz\u0105du terytorialnego;<\/p>\n<p><span style=\"color: #002c5b;\"><strong>projekcie<\/strong><\/span> &#8211; nale\u017cy przez to rozumie\u0107 zesp\u00f3\u0142 zorganizowanych dzia\u0142a\u0144 na rzecz os\u00f3b niepe\u0142nosprawnych, zmierzaj\u0105cych do realizacji cel\u00f3w programu, obejmuj\u0105cy:<\/p>\n<ol style=\"list-style-type: lower-alpha;\">\n<li>analiz\u0119 stanu rzeczywistego, z kt\u00f3rej wynika\u0107 b\u0119dzie konieczno\u015b\u0107 podj\u0119cia dzia\u0142a\u0144 opisanych w projekcie,<\/li>\n<li>terytorialny i rzeczowy zakres projektu,<\/li>\n<li>dzia\u0142ania maj\u0105ce na celu zmian\u0119 stanu istniej\u0105cego,<\/li>\n<li>przewidywane rezultaty projektu,<\/li>\n<li>harmonogram realizacji projektu,<\/li>\n<li>bud\u017cet projektu z uwzgl\u0119dnieniem koszt\u00f3w kwalifikowalnych,<\/li>\n<li>inne informacje dotycz\u0105ce projektu;<\/li>\n<\/ol>\n<p><span style=\"color: #002c5b;\"><strong>sp\u00f3\u0142dzielni socjalnej os\u00f3b prawnych<\/strong><\/span> &#8211; nale\u017cy przez to rozumie\u0107 sp\u00f3\u0142dzielni\u0119 socjaln\u0105 utworzon\u0105 zgodnie z ustaw\u0105 z dnia 27 kwietnia 2006 roku o sp\u00f3\u0142dzielniach socjalnych przez powiat, gmin\u0119 lub organizacj\u0119 pozarz\u0105dow\u0105 dzia\u0142aj\u0105c\u0105 co najmniej 2 lata na rzecz os\u00f3b niepe\u0142nosprawnych z:<\/p>\n<ol style=\"list-style-type: lower-alpha;\">\n<li>innym powiatem lub gmin\u0105;<\/li>\n<li>inn\u0105 organizacj\u0105 pozarz\u0105dow\u0105 dzia\u0142aj\u0105c\u0105 co najmniej 2 lata na rzecz os\u00f3b niepe\u0142nosprawnych.<\/li>\n<\/ol>\n<p><span style=\"color: #002c5b;\"><strong>\u015brodowiskowym domu samopomocy<\/strong><\/span> &#8211; nale\u017cy przez to rozumie\u0107 plac\u00f3wk\u0119, o kt\u00f3rej mowa w rozporz\u0105dzeniu Ministra Pracy i Polityki Spo\u0142ecznej z dnia 9 grudnia 2010 r. w sprawie \u015brodowiskowych dom\u00f3w samopomocy;<\/p>\n<p><span style=\"color: #002c5b;\"><strong>urz\u0119dach<\/strong><\/span> &#8211; nale\u017cy przez to rozumie\u0107 obiekty, w kt\u00f3rych mieszcz\u0105 si\u0119 urz\u0119dy administracji samorz\u0105du powiatowego lub gminnego;<\/p>\n<p><span style=\"color: #002c5b;\"><strong>ustawie<\/strong><\/span> &#8211; nale\u017cy przez to rozumie\u0107 ustaw\u0119 z dnia 27 sierpnia 1997 r. o rehabilitacji zawodowej i spo\u0142ecznej oraz zatrudnianiu os\u00f3b niepe\u0142nosprawnych.<\/p>\n<h2>FORMY I ZAKRES POMOCY<\/h2>\n<p>Dofinansowaniem ze \u015brodk\u00f3w przeznaczonych na realizacj\u0119 programu mog\u0105 by\u0107 obj\u0119te, w ramach:<\/p>\n<p><span style=\"color: #002c5b;\"><strong>obszaru A<\/strong><\/span> (zapewnienie dost\u0119pno\u015bci w wielorodzinnych budynkach mieszkalnych) &#8211; cz\u0119\u015b\u0107 koszt\u00f3w inwestycji w wielorodzinnych budynkach mieszkalnych zapewniaj\u0105cej dost\u0119pno\u015b\u0107 do lokali zamieszkiwanych w tych budynkach przez osoby niepe\u0142nosprawne;<\/p>\n<p><span style=\"color: #002c5b;\"><strong>obszaru B<\/strong><\/span> (likwidacja barier w urz\u0119dach, plac\u00f3wkach edukacyjnych lub \u015brodowiskowych domach samopomocy w zakresie umo\u017cliwienia osobom niepe\u0142nosprawnym poruszania si\u0119 i komunikowania) &#8211; cz\u0119\u015b\u0107 koszt\u00f3w likwidacji barier w urz\u0119dach, plac\u00f3wkach edukacyjnych lub \u015brodowiskowych domach samopomocy w zakresie umo\u017cliwienia osobom niepe\u0142nosprawnym poruszania si\u0119 komunikowania;<\/p>\n<p><strong><span style=\"color: #002c5b;\">obszaru C<\/span><\/strong> (tworzenie sp\u00f3\u0142dzielni socjalnych os\u00f3b prawnych) &#8211; cz\u0119\u015b\u0107 koszt\u00f3w utworzenia sp\u00f3\u0142dzielni socjalnej w zakresie adaptacji pomieszcze\u0144 oraz wyposa\u017cenia stanowisk pracy dla os\u00f3b niepe\u0142nosprawnych;<\/p>\n<p><span style=\"color: #002c5b;\"><strong>obszaru D<\/strong><\/span> (likwidacja barier transportowych) &#8211; cz\u0119\u015b\u0107 koszt\u00f3w zakupu lub przystosowania pojazd\u00f3w przeznaczonych do przewozu os\u00f3b niepe\u0142nosprawnych;<\/p>\n<p><span style=\"color: #002c5b;\"><strong>obszaru E<\/strong><\/span> (dofinansowanie wymaganego wk\u0142adu w\u0142asnego w projektach dotycz\u0105cych aktywizacji i\/lub integracji os\u00f3b niepe\u0142nosprawnych) &#8211; wymagany wk\u0142ad w\u0142asny beneficjent\u00f3w pomocy w projekty dotycz\u0105ce aktywizacji i\/lub integracji os\u00f3b niepe\u0142nosprawnych;<\/p>\n<p><span style=\"color: #002c5b;\"><strong>obszaru F<\/strong><\/span> (tworzenie warsztat\u00f3w terapii zaj\u0119ciowej albo przeciwdzia\u0142anie degradacji infrastruktury istniej\u0105cych warsztat\u00f3w terapii zaj\u0119ciowej) &#8211; cz\u0119\u015b\u0107 koszt\u00f3w utworzenia nowego lub remont albo modernizacja istniej\u0105cego warsztatu terapii zaj\u0119ciowej, \u015brodowiskowego domu samopomocy lub zak\u0142adu aktywno\u015bci zawodowej (prace adaptacyjne, remontowe, modernizacja lub rozbudowa obiektu, zakup niezb\u0119dnego wyposa\u017cenia);<\/p>\n<p><strong>obszaru G<\/strong> (skierowanie do powiat\u00f3w poza algorytmem dodatkowych \u015brodk\u00f3w na finansowanie zada\u0144 ustawowych dotycz\u0105cych rehabilitacji zawodowej os\u00f3b niepe\u0142nosprawnych) &#8211; koszty wynikaj\u0105ce z zada\u0144, o kt\u00f3rych mowa w art. 11, 12a, 13, 26, 26d, 26e, 40 oraz art. 41 ustawy z dnia 27 sierpnia 1997 r. o rehabilitacji zawodowej i spo\u0142ecznej oraz zatrudnianiu os\u00f3b niepe\u0142nosprawnych.<\/p>\n<h2>INTENSYWNO\u015a\u0106 POMOCY (2024)<\/h2>\n<p>Wysoko\u015b\u0107 \u015brodk\u00f3w przeznaczonych na realizacj\u0119 ka\u017cdego projektu dofinansowanego w ramach programu dla powiatu kolne\u0144skiego nie mo\u017ce przekroczy\u0107:<\/p>\n<ol>\n<li>w przypadku obszaru A &#8211; 55% koszt\u00f3w realizacji projektu kwalifikuj\u0105cych si\u0119 do obj\u0119cia pomoc\u0105 w ramach programu (do 197.000,00 z\u0142 na jeden projekt dotycz\u0105cy zapewnienia dost\u0119pno\u015bci w wielorodzinnych budynkach mieszkalnych);<\/li>\n<li>w przypadku obszaru B &#8211; 55% koszt\u00f3w realizacji projektu kwalifikuj\u0105cych si\u0119 do obj\u0119cia pomoc\u0105 w ramach programu, 35% w urz\u0119dach (do 176.000,00 z\u0142 na likwidacj\u0119 barier w urz\u0119dach, plac\u00f3wkach edukacyjnych lub \u015brodowiskowych domach samopomocy w zakresie umo\u017cliwienia osobom niepe\u0142nosprawnym poruszania si\u0119 i komunikowania);<\/li>\n<li>w przypadku obszaru C &#8211; 70% koszt\u00f3w realizacji projektu kwalifikuj\u0105cych si\u0119 do obj\u0119cia pomoc\u0105 w ramach programu (do 74.500,00 z\u0142 na ka\u017cde nowoutworzone stanowisko pracy w sp\u00f3\u0142dzielni socjalnej os\u00f3b prawnych, proporcjonalnie do wymiaru czasu pracy osoby niepe\u0142nosprawnej zatrudnionej na tym stanowisku);<\/li>\n<li>w przypadku obszaru D &#8211; 85% koszt\u00f3w realizacji projektu kwalifikuj\u0105cych si\u0119 do obj\u0119cia pomoc\u0105 w ramach programu oraz 95% w przypadku projekt\u00f3w dotycz\u0105cych warsztat\u00f3w terapii zaj\u0119ciowej (do 144000,00 z\u0142 dla samochod\u00f3w osobowych, zwanych dalej &#8222;mikrobusami&#8221;, kt\u00f3re w wersji standardowej s\u0105 samochodami 9-cio miejscowymi, specjalnie przystosowanymi do przewozu os\u00f3b na w\u00f3zkach inwalidzkich, 117500,00 z\u0142 dla pozosta\u0142ych samochod\u00f3w osobowych, zwanych dalej \u201emikrobusami&#8221;, kt\u00f3re w wersji standardowej s\u0105 samochodami 9-cio miejscowymi, 351500,00 z\u0142 dla autobus\u00f3w);<\/li>\n<li>w przypadku obszaru E &#8211; warto\u015b\u0107 wymaganego wk\u0142adu w\u0142asnego, lecz nie wi\u0119cej ni\u017c 40% ca\u0142kowitych koszt\u00f3w realizacji projektu wskazanych w umowie dofinansowania (do 17.500,00 z\u0142 na ka\u017cd\u0105 osob\u0119 niepe\u0142nosprawn\u0105, kt\u00f3ra b\u0119dzie w spos\u00f3b sta\u0142y korzysta\/a z rezultat\u00f3w projektu, przy czym osoby niepe\u0142nosprawne musz\u0105 stanowi\u0107 co najmniej 30% beneficjent\u00f3w tego projektu);<\/li>\n<li>w przypadku obszaru F &#8211; do 70% koszt\u00f3w realizacji projektu nie wi\u0119cej ni\u017c 17 500,00 z\u0142 na ka\u017cde miejsce dla osoby niepe\u0142nosprawnej w warsztacie terapii zaj\u0119ciowej, tworzone w wyniku realizacji programu lub do 80% koszt\u00f3w realizacji projektu nie wi\u0119cej ni\u017c 192 000,00 z\u0142 na remont b\u0105d\u017a modernizacj\u0119 przeciwdzia\u0142aj\u0105c\u0105 degradacji infrastruktury istniej\u0105cego warsztatu terapii zaj\u0119ciowej;<\/li>\n<li>w przypadku obszaru G &#8211; 50% warto\u015bci \u015brodk\u00f3w algorytmu planowanych w danym roku przez powiat na realizacj\u0119 zada\u0144 z zakresu rehabilitacji zawodowej.<\/li>\n<\/ol>\n<h3>REALIZATORZY<\/h3>\n<ol>\n<li>W przypadku obszar\u00f3w programu A i E projektodawca sk\u0142ada wniosek do w\u0142a\u015bciwego oddzia\u0142u terenowego PFRON, zgodnie z zasadami dotycz\u0105cymi wyboru dofinansowania i rozliczania projekt\u00f3w dotycz\u0105cych wymienionych obszar\u00f3w programu<\/li>\n<li>W przypadku obszar\u00f3w programu B, C, D, F projektodawca sk\u0142ada wniosek do w\u0142a\u015bciwego samorz\u0105du powiatowego, zgodnie z zasadami dotycz\u0105cymi wyboru dofinansowania i rozliczania projekt\u00f3w dotycz\u0105cych wymienionych obszar\u00f3w programu. Terminy naboru wniosk\u00f3w dla adresat\u00f3w obszar\u00f3w B,C,D, F programu okre\u015blane s\u0105 przez realizator\u00f3w programu. Powiat Kolne\u0144ski do 31 stycznia 2024 r.<\/li>\n<li>Jednostka samorz\u0105du powiatowego b\u0119d\u0105ca realizatorem programu sk\u0142ada wniosek lub\/i wyst\u0105pienie bezpo\u015brednio do w\u0142a\u015bciwego Oddzia\u0142u PFRON (do 1 marca 2024 r.).<\/li>\n<\/ol>\n<p>Szczeg\u00f3\u0142owe informacje na temat programu dost\u0119pne s\u0105 na stronie <a href=\"https:\/\/www.pfron.org.pl\/\">www.pfron.org.pl<\/a><\/p>\n","protected":false},"excerpt":{"rendered":"<p>Celem programu jest wyr\u00f3wnanie szans oraz zwi\u0119kszenie dost\u0119pu os\u00f3b niepe\u0142nosprawnych do rehabilitacji zawodowej i spo\u0142ecznej<\/p>\n","protected":false},"author":1,"featured_media":3145,"comment_status":"closed","ping_status":"closed","sticky":false,"template":"","format":"standard","meta":{"ngg_post_thumbnail":0,"footnotes":""},"categories":[1],"tags":[],"class_list":["post-3143","post","type-post","status-publish","format-standard","has-post-thumbnail","hentry","category-ogloszenia"],"_links":{"self":[{"href":"https:\/\/cusstawiski.pl\/index.php?rest_route=\/wp\/v2\/posts\/3143","targetHints":{"allow":["GET"]}}],"collection":[{"href":"https:\/\/cusstawiski.pl\/index.php?rest_route=\/wp\/v2\/posts"}],"about":[{"href":"https:\/\/cusstawiski.pl\/index.php?rest_route=\/wp\/v2\/types\/post"}],"author":[{"embeddable":true,"href":"https:\/\/cusstawiski.pl\/index.php?rest_route=\/wp\/v2\/users\/1"}],"replies":[{"embeddable":true,"href":"https:\/\/cusstawiski.pl\/index.php?rest_route=%2Fwp%2Fv2%2Fcomments&post=3143"}],"version-history":[{"count":7,"href":"https:\/\/cusstawiski.pl\/index.php?rest_route=\/wp\/v2\/posts\/3143\/revisions"}],"predecessor-version":[{"id":3151,"href":"https:\/\/cusstawiski.pl\/index.php?rest_route=\/wp\/v2\/posts\/3143\/revisions\/3151"}],"wp:featuredmedia":[{"embeddable":true,"href":"https:\/\/cusstawiski.pl\/index.php?rest_route=\/wp\/v2\/media\/3145"}],"wp:attachment":[{"href":"https:\/\/cusstawiski.pl\/index.php?rest_route=%2Fwp%2Fv2%2Fmedia&parent=3143"}],"wp:term":[{"taxonomy":"category","embeddable":true,"href":"https:\/\/cusstawiski.pl\/index.php?rest_route=%2Fwp%2Fv2%2Fcategories&post=3143"},{"taxonomy":"post_tag","embeddable":true,"href":"https:\/\/cusstawiski.pl\/index.php?rest_route=%2Fwp%2Fv2%2Ftags&post=3143"}],"curies":[{"name":"wp","href":"https:\/\/api.w.org\/{rel}","templated":true}]}}