{"id":3225,"date":"2024-02-09T11:31:41","date_gmt":"2024-02-09T10:31:41","guid":{"rendered":"https:\/\/cusstawiski.pl\/?p=3225"},"modified":"2024-02-09T11:32:58","modified_gmt":"2024-02-09T10:32:58","slug":"zacznij-juz-dzis-punkt-doradztwa-dla-mlodziezy-projekt-pilotazowy","status":"publish","type":"post","link":"https:\/\/cusstawiski.pl\/?p=3225","title":{"rendered":"&#8222;Zacznij ju\u017c dzi\u015b &#8211; punkt doradztwa dla m\u0142odzie\u017cy&#8221; &#8211; projekt pilota\u017cowy"},"content":{"rendered":"<p>Uprzejmie informujemy, \u017ce Powiatowy Urz\u0105d Pracy w Kolnie w ramach og\u0142oszonego naboru na projekt pilota\u017cowy pn. &#8222;Czas na M\u0142odych \u2013 punkty doradztwa dla m\u0142odzie\u017cy&#8221; uzyska\u0142 pozytywn\u0105 rekomendacj\u0119 z\u0142o\u017conego wniosku.<\/p>\n<p>W dniu 15.08.2023 r. Minister Rodziny i Polityki Spo\u0142ecznej podpisa\u0142 z Powiatem Kolne\u0144skim umow\u0119 przyznaj\u0105c\u0105 kwot\u0119 423&nbsp;600 z\u0142 z rezerwy Funduszu Pracy na realizacj\u0119 projektu pilota\u017cowego <span style=\"color: #002c5b;\"><strong>pn.&nbsp;Zacznij ju\u017c dzi\u015b &#8211; punkt doradztwa dla m\u0142odzie\u017cy.<\/strong>&nbsp;<\/span><\/p>\n<p>Okres realizacji projektu 01.09.2023 -31.12.2024 r.<\/p>\n<p><span style=\"color: #002c5b;\"><strong>Projekt skierowany jest do os\u00f3b do 30 roku \u017cycia.<\/strong><\/span><\/p>\n<p>W ramach projektu zosta\u0142 utworzony w siedzibie Powiatowego Urz\u0119du Pracy w Kolnie Punkt Doradztwa dla M\u0142odzie\u017cy, w kt\u00f3rym udzielane jest kompleksowe wsparcie osobom m\u0142odym do 30 lat poprzez:<\/p>\n<ul>\n<li>aktywizacj\u0119 zawodow\u0105 i poradnictwo zawodowe,<\/li>\n<li>informacj\u0119 w zakresie mo\u017cliwych form pomocy spo\u0142ecznej,<\/li>\n<li>doradztwo psychologiczne,<\/li>\n<li>doradztwo w zakresie zdrowia i profilaktyki zdrowotnej,<\/li>\n<li>doradztwo w zakresie edukacji,<\/li>\n<li>doradztwo w zakresie mo\u017cliwo\u015bci mieszkaniowych,<\/li>\n<li>doradztwo prawne i ekonomiczno-finansowego.<\/li>\n<\/ul>\n<p><span style=\"color: #002c5b;\"><strong>W ramach projektu oferujemy: <\/strong><\/span><\/p>\n<ul>\n<li>Bon szkoleniowy,<\/li>\n<li>Bon mobilno\u015bciowy,<\/li>\n<li>Bon aktywizacyjny,<\/li>\n<li>Szkolenie z zakresu umiej\u0119tno\u015bci cyfrowych,<\/li>\n<li>Sta\u017c kwalifikacyjny na okres 3 miesi\u0119cy.<\/li>\n<\/ul>\n<p>Wszystkie osoby zainteresowane udzia\u0142em w projekcie zapraszamy do siedziby Powiatowego Urz\u0119du Pracy w Kolnie, ul. Wojska Polskiego 46, 18-500 Kolno, I pi\u0119tro (pok\u00f3j nr 14), tel.: 86-278-95-53 w godzinach:<\/p>\n<ul>\n<li>poniedzia\u0142ek: 10.00 \u2013 18.00<\/li>\n<li>wtorek \u2013 pi\u0105tek: 7.30 \u2013 15.30<\/li>\n<\/ul>\n","protected":false},"excerpt":{"rendered":"<p>Projekt skierowany jest do os\u00f3b do 30 roku \u017cycia<\/p>\n","protected":false},"author":1,"featured_media":3226,"comment_status":"closed","ping_status":"closed","sticky":false,"template":"","format":"standard","meta":{"ngg_post_thumbnail":0,"footnotes":""},"categories":[1],"tags":[],"class_list":["post-3225","post","type-post","status-publish","format-standard","has-post-thumbnail","hentry","category-ogloszenia"],"_links":{"self":[{"href":"https:\/\/cusstawiski.pl\/index.php?rest_route=\/wp\/v2\/posts\/3225","targetHints":{"allow":["GET"]}}],"collection":[{"href":"https:\/\/cusstawiski.pl\/index.php?rest_route=\/wp\/v2\/posts"}],"about":[{"href":"https:\/\/cusstawiski.pl\/index.php?rest_route=\/wp\/v2\/types\/post"}],"author":[{"embeddable":true,"href":"https:\/\/cusstawiski.pl\/index.php?rest_route=\/wp\/v2\/users\/1"}],"replies":[{"embeddable":true,"href":"https:\/\/cusstawiski.pl\/index.php?rest_route=%2Fwp%2Fv2%2Fcomments&post=3225"}],"version-history":[{"count":5,"href":"https:\/\/cusstawiski.pl\/index.php?rest_route=\/wp\/v2\/posts\/3225\/revisions"}],"predecessor-version":[{"id":3232,"href":"https:\/\/cusstawiski.pl\/index.php?rest_route=\/wp\/v2\/posts\/3225\/revisions\/3232"}],"wp:featuredmedia":[{"embeddable":true,"href":"https:\/\/cusstawiski.pl\/index.php?rest_route=\/wp\/v2\/media\/3226"}],"wp:attachment":[{"href":"https:\/\/cusstawiski.pl\/index.php?rest_route=%2Fwp%2Fv2%2Fmedia&parent=3225"}],"wp:term":[{"taxonomy":"category","embeddable":true,"href":"https:\/\/cusstawiski.pl\/index.php?rest_route=%2Fwp%2Fv2%2Fcategories&post=3225"},{"taxonomy":"post_tag","embeddable":true,"href":"https:\/\/cusstawiski.pl\/index.php?rest_route=%2Fwp%2Fv2%2Ftags&post=3225"}],"curies":[{"name":"wp","href":"https:\/\/api.w.org\/{rel}","templated":true}]}}