{"id":3233,"date":"2024-02-14T15:25:37","date_gmt":"2024-02-14T14:25:37","guid":{"rendered":"https:\/\/cusstawiski.pl\/?p=3233"},"modified":"2024-02-14T15:27:15","modified_gmt":"2024-02-14T14:27:15","slug":"program-aktywny-samorzad-2024","status":"publish","type":"post","link":"https:\/\/cusstawiski.pl\/?p=3233","title":{"rendered":"Program &#8222;Aktywny Samorz\u0105d&#8221; 2024"},"content":{"rendered":"<h2><strong>CELE PROGRAMU:<\/strong><\/h2>\n<p>Celem g\u0142\u00f3wnym programu jest wyeliminowanie lub zmniejszenie barier ograniczaj\u0105cych uczestnictwo beneficjent\u00f3w programu w \u017cyciu spo\u0142ecznym, zawodowym i w dost\u0119pie do edukacji.<strong>&nbsp;<\/strong><\/p>\n<h2><strong>STRUKTURA PROGRAMU:<\/strong><\/h2>\n<p>Modu\u0142y, obszary i zadania programu, kt\u00f3re b\u0119d\u0105 realizowane w 2024 roku:<\/p>\n<p><span style=\"color: #002c5b;\"><strong>Modu\u0142 I<\/strong><\/span> &#8211; likwidacja barier utrudniaj\u0105cych aktywizacj\u0119 spo\u0142eczn\u0105 i zawodow\u0105, w tym:<\/p>\n<p><span style=\"color: #002c5b;\"><strong>Obszar A<\/strong><\/span> &#8211; likwidacja bariery transportowej:<\/p>\n<ul>\n<li><span style=\"color: #002c5b;\"><strong>Zadanie 1<\/strong><\/span> \u2013 pomoc w zakupie i monta\u017cu oprzyrz\u0105dowania samochodu, adresowana do os\u00f3b z orzeczeniem o niepe\u0142nosprawno\u015bci (do 16 roku \u017cycia) lub os\u00f3b ze znacznym albo umiarkowanym stopniem niepe\u0142nosprawno\u015bci, z dysfunkcj\u0105 narz\u0105du ruchu,<\/li>\n<li><span style=\"color: #002c5b;\"><strong>Zadanie 2<\/strong><\/span> \u2013 pomoc w uzyskaniu prawa jazdy, adresowana do os\u00f3b ze znacznym albo umiarkowanym stopniem niepe\u0142nosprawno\u015bci, z dysfunkcj\u0105 narz\u0105du ruchu,<\/li>\n<li><span style=\"color: #002c5b;\"><strong>Zadanie 3<\/strong><\/span> \u2013 pomoc w uzyskaniu prawa jazdy, adresowana do os\u00f3b ze znacznym albo umiarkowanym stopniem niepe\u0142nosprawno\u015bci, z dysfunkcj\u0105 narz\u0105du s\u0142uchu, w stopniu wymagaj\u0105cym korzystania z us\u0142ug t\u0142umacza j\u0119zyka migowego,<\/li>\n<li><span style=\"color: #002c5b;\"><strong>Zadanie 4<\/strong><\/span> \u2013 pomoc w zakupie i monta\u017cu oprzyrz\u0105dowania samochodu, adresowana do os\u00f3b ze znacznym albo umiarkowanym stopniem niepe\u0142nosprawno\u015bci, z dysfunkcj\u0105 narz\u0105du s\u0142uchu,<\/li>\n<\/ul>\n<p><span style=\"color: #002c5b;\"><strong>Obszar B<\/strong><\/span> &#8211; likwidacja barier w dost\u0119pie do uczestniczenia w spo\u0142ecze\u0144stwie informacyjnym:<\/p>\n<ul>\n<li><span style=\"color: #002c5b;\"><strong>Zadanie 1<\/strong><\/span> \u2013 pomoc w zakupie sprz\u0119tu elektronicznego lub jego element\u00f3w oraz oprogramowania, adresowana do os\u00f3b z orzeczeniem o niepe\u0142nosprawno\u015bci (do 16 roku \u017cycia) lub do os\u00f3b ze znacznym stopniem niepe\u0142nosprawno\u015bci, z dysfunkcj\u0105 narz\u0105du wzroku lub obu ko\u0144czyn g\u00f3rnych,<\/li>\n<li><span style=\"color: #002c5b;\"><strong>Zadanie 2<\/strong><\/span> \u2013 dofinansowanie szkole\u0144 w zakresie obs\u0142ugi nabytego w ramach programu sprz\u0119tu elektronicznego i oprogramowania,<\/li>\n<li><span style=\"color: #002c5b;\"><strong>Zadanie 3<\/strong><\/span> \u2013 pomoc w zakupie sprz\u0119tu elektronicznego lub jego element\u00f3w oraz oprogramowania, adresowana do os\u00f3b z umiarkowanym stopniem niepe\u0142nosprawno\u015bci, z dysfunkcj\u0105 narz\u0105du wzroku,<\/li>\n<li><span style=\"color: #002c5b;\"><strong>Zadanie 4<\/strong><\/span> \u2013 pomoc w zakupie sprz\u0119tu elektronicznego lub jego element\u00f3w oraz oprogramowania, adresowana do os\u00f3b z orzeczeniem o niepe\u0142nosprawno\u015bci (do 16 roku \u017cycia) lub os\u00f3b ze znacznym albo umiarkowanym stopniem niepe\u0142nosprawno\u015bci, z dysfunkcj\u0105 narz\u0105du s\u0142uchu i trudno\u015bciami w komunikowaniu si\u0119 za pomoc\u0105 mowy,<\/li>\n<li><span style=\"color: #002c5b;\"><strong>Zadanie 5<\/strong><\/span> \u2013 pomoc w utrzymaniu sprawno\u015bci technicznej posiadanego sprz\u0119tu elektronicznego, adresowana do os\u00f3b z orzeczeniem o niepe\u0142nosprawno\u015bci (do 16 roku \u017cycia) lub os\u00f3b ze znacznym lub umiarkowanym stopniem niepe\u0142nosprawno\u015bci,<\/li>\n<\/ul>\n<p><span style=\"color: #002c5b;\"><strong>Obszar C<\/strong><\/span> &#8211; likwidacja barier w poruszaniu si\u0119:<\/p>\n<ul>\n<li><span style=\"color: #002c5b;\"><strong>Zadanie 1<\/strong><\/span> \u2013 pomoc w zakupie w\u00f3zka inwalidzkiego o nap\u0119dzie elektrycznym adresowana do os\u00f3b z orzeczeniem o niepe\u0142nosprawno\u015bci (do 16 roku \u017cycia) lub os\u00f3b ze znacznym stopniem niepe\u0142nosprawno\u015bci i dysfunkcj\u0105 uniemo\u017cliwiaj\u0105c\u0105 samodzielne poruszanie si\u0119 za pomoc\u0105 w\u00f3zka inwalidzkiego o nap\u0119dzie r\u0119cznym,<\/li>\n<li><span style=\"color: #002c5b;\"><strong>Zadanie 2<\/strong><\/span> \u2013 pomoc w utrzymaniu sprawno\u015bci technicznej posiadanego skutera lub w\u00f3zka inwalidzkiego o nap\u0119dzie elektrycznym, adresowana do os\u00f3b z orzeczeniem o niepe\u0142nosprawno\u015bci (do 16 roku \u017cycia) lub os\u00f3b ze znacznym stopniem niepe\u0142nosprawno\u015bci,<\/li>\n<li><span style=\"color: #002c5b;\"><strong>Zadanie 3<\/strong><\/span> \u2013 pomoc w zakupie protezy ko\u0144czyny, w kt\u00f3rej zastosowano nowoczesne rozwi\u0105zania techniczne, tj. protezy co najmniej na III poziomie jako\u015bci, adresowana do os\u00f3b ze stopniem niepe\u0142nosprawno\u015bci,<\/li>\n<li><span style=\"color: #002c5b;\"><strong>Zadanie 4<\/strong><\/span> \u2013 pomoc w utrzymaniu sprawno\u015bci technicznej posiadanej protezy ko\u0144czyny, w kt\u00f3rej zastosowano nowoczesne rozwi\u0105zania techniczne, (co najmniej na III poziomie jako\u015bci), adresowana do os\u00f3b ze stopniem niepe\u0142nosprawno\u015bci,<\/li>\n<li><span style=\"color: #002c5b;\"><strong>Zadanie 5<\/strong><\/span> \u2013 pomoc w zakupie skutera inwalidzkiego o nap\u0119dzie elektrycznym lub oprzyrz\u0105dowania elektrycznego do w\u00f3zka r\u0119cznego, adresowana do os\u00f3b z orzeczeniem o niepe\u0142nosprawno\u015bci (do 16 roku \u017cycia) lub os\u00f3b ze znacznym stopniem niepe\u0142nosprawno\u015bci, z dysfunkcj\u0105 narz\u0105du ruchu powoduj\u0105c\u0105 problemy w samodzielnym przemieszczaniu si\u0119 i posiadaj\u0105cych zgod\u0119 lekarza specjalisty na u\u017cytkowanie przedmiotu dofinansowania,<\/li>\n<\/ul>\n<p><span style=\"color: #002c5b;\"><strong>Obszar D<\/strong><\/span> \u2013 pomoc w utrzymaniu aktywno\u015bci zawodowej poprzez zapewnienie opieki dla osoby zale\u017cnej (dziecka przebywaj\u0105cego w&nbsp;\u017c\u0142obku lub przedszkolu albo pod inn\u0105 tego typu opiek\u0105), adresowana do os\u00f3b ze znacznym lub umiarkowanym stopniem niepe\u0142nosprawno\u015bci, kt\u00f3re s\u0105 przedstawicielem ustawowym lub opiekunem prawnym dziecka;<\/p>\n<p><span style=\"color: #002c5b;\"><strong>Modu\u0142 II<\/strong><\/span> &#8211; pomoc w uzyskaniu wykszta\u0142cenia na poziomie wy\u017cszym, adresowana do os\u00f3b ze&nbsp;<span style=\"color: #002c5b;\"><strong>znacznym, umiarkowanym lub lekkim stopniem<\/strong><\/span> niepe\u0142nosprawno\u015bci, pobieraj\u0105cych nauk\u0119:<\/p>\n<ul>\n<li>w szkole policealnej,<\/li>\n<li>w kolegium,<\/li>\n<li>w szkole wy\u017cszej (studia pierwszego stopnia, studia drugiego stopnia, jednolite studia magisterskie, studia podyplomowe lub doktoranckie (trzeciego stopnia) prowadzone przez szko\u0142y wy\u017csze w systemie stacjonarnym (dziennym) lub niestacjonarnym (wieczorowym, zaocznym lub eksternistycznym, w tym r\u00f3wnie\u017c za po\u015brednictwem Internetu) lub szko\u0142y doktorskie),<\/li>\n<li>a tak\u017ce do os\u00f3b, kt\u00f3re przew\u00f3d doktorski otworzy\u0142y poza studiami doktoranckimi.<\/li>\n<\/ul>\n<h2><strong>ADRESACI PROGRAMU:<\/strong><\/h2>\n<p><span style=\"color: #002c5b;\"><strong>Warunki uczestnictwa osoby niepe\u0142nosprawnej w programie w&nbsp;MODULE I:<\/strong><\/span><\/p>\n<p><span style=\"color: #002c5b;\"><strong>Obszar A:<\/strong><\/span><\/p>\n<p><span style=\"color: #002c5b;\"><strong>Zadanie 1:<\/strong><\/span><\/p>\n<ul>\n<li>znaczny lub umiarkowany stopie\u0144 niepe\u0142nosprawno\u015bci lub w przypadku os\u00f3b do 16 roku \u017cycia &#8211; orzeczenie o niepe\u0142nosprawno\u015bci,<\/li>\n<li>wiek do lat 18 lub wiek aktywno\u015bci zawodowej lub zatrudnienie,<\/li>\n<li>dysfunkcja narz\u0105du ruchu,<\/li>\n<\/ul>\n<p><span style=\"color: #002c5b;\"><strong>Zadanie 2:<\/strong><\/span><\/p>\n<ul>\n<li>znaczny lub umiarkowany stopie\u0144 niepe\u0142nosprawno\u015bci,<\/li>\n<li>wiek aktywno\u015bci zawodowej,<\/li>\n<li>dysfunkcja narz\u0105du ruchu,<\/li>\n<\/ul>\n<p><span style=\"color: #002c5b;\"><strong>Zadanie 3:<\/strong><\/span><\/p>\n<ul>\n<li>znaczny lub umiarkowany stopie\u0144 niepe\u0142nosprawno\u015bci,<\/li>\n<li>wiek aktywno\u015bci zawodowej,<\/li>\n<li>dysfunkcja narz\u0105du s\u0142uchu, w stopniu wymagaj\u0105cym korzystania z us\u0142ug t\u0142umacza j\u0119zyka migowego,<\/li>\n<\/ul>\n<p><span style=\"color: #002c5b;\"><strong>Zadanie 4:<\/strong><\/span><\/p>\n<ul>\n<li>znaczny lub umiarkowany stopie\u0144 niepe\u0142nosprawno\u015bci,<\/li>\n<li>wiek aktywno\u015bci zawodowej lub zatrudnienie,<\/li>\n<li>dysfunkcja narz\u0105du s\u0142uchu;<\/li>\n<\/ul>\n<p><span style=\"color: #002c5b;\"><strong>Obszar B:<\/strong><\/span><\/p>\n<p><span style=\"color: #002c5b;\"><strong>Zadanie 1:<\/strong><\/span><\/p>\n<ul>\n<li>znaczny stopie\u0144 niepe\u0142nosprawno\u015bci lub w przypadku os\u00f3b do 16 roku \u017cycia &#8211; orzeczenie o niepe\u0142nosprawno\u015bci,<\/li>\n<li>wiek do lat 18 lub wiek aktywno\u015bci zawodowej lub zatrudnienie,<\/li>\n<li>dysfunkcja obu ko\u0144czyn g\u00f3rnych lub narz\u0105du wzroku,<\/li>\n<\/ul>\n<p><span style=\"color: #002c5b;\"><strong>Zadanie 2:<\/strong><\/span><\/p>\n<ul>\n<li>pomoc udzielona w ramach Obszaru B,<\/li>\n<\/ul>\n<p><span style=\"color: #002c5b;\"><strong>Zadanie 3:<\/strong><\/span><\/p>\n<ul>\n<li>umiarkowany stopie\u0144 niepe\u0142nosprawno\u015bci,<\/li>\n<li>dysfunkcja narz\u0105du wzroku,<\/li>\n<li>wiek aktywno\u015bci zawodowej lub zatrudnienie,<\/li>\n<\/ul>\n<p><span style=\"color: #002c5b;\"><strong>Zadanie 4:<\/strong><\/span><\/p>\n<ul>\n<li>znaczny lub umiarkowany stopie\u0144 niepe\u0142nosprawno\u015bci lub w przypadku os\u00f3b do 16 roku \u017cycia &#8211; orzeczenie o niepe\u0142nosprawno\u015bci,<\/li>\n<li>dysfunkcja narz\u0105du s\u0142uchu,<\/li>\n<li>trudno\u015bci w komunikowaniu si\u0119 za pomoc\u0105 mowy,<\/li>\n<li>wiek do lat 18 lub wiek aktywno\u015bci zawodowej lub zatrudnienie,<\/li>\n<\/ul>\n<p><span style=\"color: #002c5b;\"><strong>Zadanie 5:<\/strong><\/span><\/p>\n<ul>\n<li>pomoc udzielona w Zadaniu: 1, 3 lub 4,<\/li>\n<li>znaczny lub umiarkowany stopie\u0144 niepe\u0142nosprawno\u015bci lub w przypadku os\u00f3b do 16 roku \u017cycia &#8211; orzeczenie o niepe\u0142nosprawno\u015bci;<\/li>\n<\/ul>\n<p><span style=\"color: #002c5b;\"><strong>Obszar C:<\/strong><\/span><\/p>\n<p><span style=\"color: #002c5b;\"><strong>Zadanie 1:<\/strong><\/span><\/p>\n<ul>\n<li>znaczny stopie\u0144 niepe\u0142nosprawno\u015bci lub w przypadku os\u00f3b do 16 roku \u017cycia &#8211; orzeczenie o niepe\u0142nosprawno\u015bci,<\/li>\n<li>zatrudnienie lub nauka lub potwierdzone opini\u0105 eksperta PFRON rokowania uzyskania zdolno\u015bci do pracy albo do podj\u0119cia nauki w wyniku wsparcia udzielonego w programie,<\/li>\n<li>wiek do lat 18 lub wiek aktywno\u015bci zawodowej lub zatrudnienie,<\/li>\n<li>dysfunkcje uniemo\u017cliwiaj\u0105ce samodzielne poruszanie si\u0119 za pomoc\u0105 w\u00f3zka inwalidzkiego o nap\u0119dzie r\u0119cznym;<\/li>\n<\/ul>\n<p><span style=\"color: #002c5b;\"><strong>Zadanie 2:<\/strong><\/span><\/p>\n<ul>\n<li>znaczny stopie\u0144 niepe\u0142nosprawno\u015bci lub w przypadku os\u00f3b do 16 roku \u017cycia &#8211; orzeczenie o niepe\u0142nosprawno\u015bci,<\/li>\n<\/ul>\n<p><span style=\"color: #002c5b;\"><strong>Zadanie 3 i 4:<\/strong><\/span><\/p>\n<ul>\n<li>stopie\u0144 niepe\u0142nosprawno\u015bci,<\/li>\n<li>wiek aktywno\u015bci zawodowej lub zatrudnienie,<\/li>\n<li>potwierdzona opini\u0105 eksperta PFRON stabilno\u015b\u0107 procesu chorobowego,<\/li>\n<li>potwierdzone opini\u0105 eksperta PFRON rokowania uzyskania zdolno\u015bci do pracy w wyniku wsparcia udzielonego w programie,<\/li>\n<\/ul>\n<p><span style=\"color: #002c5b;\"><strong>Zadanie 5:<\/strong><\/span><\/p>\n<ul>\n<li>znaczny stopie\u0144 niepe\u0142nosprawno\u015bci lub w przypadku os\u00f3b do 16 roku \u017cycia &#8211; orzeczenie o niepe\u0142nosprawno\u015bci,<\/li>\n<li>wiek do lat 18 lub wiek aktywno\u015bci zawodowej lub zatrudnienie,<\/li>\n<li>dysfunkcja narz\u0105du ruchu powoduj\u0105ca problemy w samodzielnym przemieszczaniu si\u0119,<\/li>\n<li>zgoda lekarza specjalisty na u\u017cytkowanie skutera o nap\u0119dzie elektrycznym lub w\u00f3zka r\u0119cznego z oprzyrz\u0105dowaniem elektrycznym;<\/li>\n<\/ul>\n<p><span style=\"color: #002c5b;\"><strong>&nbsp;Obszar D:<\/strong><\/span><\/p>\n<ul>\n<li>znaczny lub umiarkowany stopie\u0144 niepe\u0142nosprawno\u015bci,<\/li>\n<li>aktywno\u015b\u0107 zawodowa,<\/li>\n<li>pe\u0142nienie roli przedstawiciela ustawowego lub opiekuna prawnego dziecka.<\/li>\n<\/ul>\n<p><span style=\"color: #002c5b;\"><strong>Warunki uczestnictwa osoby niepe\u0142nosprawnej w programie w&nbsp;MODULE II:<\/strong><\/span><\/p>\n<ul>\n<li>znaczny, umiarkowany lub lekki stopie\u0144 niepe\u0142nosprawno\u015bci;<\/li>\n<li>nauka w szkole wy\u017cszej lub szkole policealnej lub kolegium lub przew\u00f3d doktorski otwarty poza studiami doktoranckimi.<\/li>\n<\/ul>\n<h2><strong>MAKSYMALNA KWOTA DOFINANSOWANIA:<\/strong><\/h2>\n<p><span style=\"color: #002c5b;\"><strong>MODU\u0141 I:<\/strong><\/span><\/p>\n<p><span style=\"color: #002c5b;\"><strong>Obszar A:<\/strong><\/span><\/p>\n<p><span style=\"color: #002c5b;\"><strong>w Zadaniu 1<\/strong><\/span> \u2013 70.000 z\u0142, przy czym w przypadku zakupu niestacjonarnego (mobilnego) fotela\/fotelika do przewozu osoby niepe\u0142nosprawnej \u2013 8.000 z\u0142,<\/p>\n<p><span style=\"color: #002c5b;\"><strong>w Zadaniu 2 lub 3 <\/strong><\/span>\u2013 5.280 z\u0142, w tym:<\/p>\n<ul>\n<li>dla koszt\u00f3w kursu i egzamin\u00f3w kategorii B \u2013 2.310 z\u0142,<\/li>\n<li>dla koszt\u00f3w kursu i egzamin\u00f3w pozosta\u0142ych kategorii \u2013 3.850 z\u0142,<\/li>\n<li>dla pozosta\u0142ych koszt\u00f3w uzyskania prawa jazdy w przypadku kursu poza miejscowo\u015bci\u0105 zamieszkania wnioskodawcy (koszty zwi\u0105zane z zakwaterowaniem, wy\u017cywieniem i dojazdem w okresie trwania kursu) \u2013 880 z\u0142,<\/li>\n<li>dla koszt\u00f3w us\u0142ug t\u0142umacza migowego \u2013 550 z\u0142,<\/li>\n<\/ul>\n<p><span style=\"color: #002c5b;\"><strong>w Zadaniu 4<\/strong><\/span> \u2013 4.400 z\u0142;<\/p>\n<p><span style=\"color: #002c5b;\"><strong>Obszar B:<\/strong><\/span><\/p>\n<p><span style=\"color: #002c5b;\"><strong>w Zadaniu 1:<\/strong><\/span><\/p>\n<ul>\n<li>dla osoby niewidomej \u2013 10.000 z\u0142 oraz 16.500 z\u0142 na urz\u0105dzenia brajlowskie (\u0142\u0105cznie 26.500 z\u0142),<\/li>\n<li>dla pozosta\u0142ych adresat\u00f3w w zadaniu \u2013 10.000 z\u0142,<\/li>\n<\/ul>\n<p><span style=\"color: #002c5b;\"><strong>w Zadaniu 2:<\/strong><\/span><\/p>\n<ul>\n<li>dla osoby g\u0142uchoniewidomej \u2013 4.400 z\u0142,<\/li>\n<li>dla osoby z dysfunkcj\u0105 narz\u0105du s\u0142uchu \u2013 3.300 z\u0142,<\/li>\n<li>dla pozosta\u0142ych adresat\u00f3w obszaru \u2013 2.200 z\u0142,<\/li>\n<\/ul>\n<p>z mo\u017cliwo\u015bci\u0105 zwi\u0119kszenia kwoty dofinansowania w indywidualnych przypadkach, maksymalnie o 100%, wy\u0142\u0105cznie w przypadku, gdy poziom dysfunkcji narz\u0105du wzroku lub s\u0142uchu wymaga zwi\u0119kszenia liczby godzin szkolenia,<\/p>\n<p><span style=\"color: #002c5b;\"><strong>w Zadaniu 3<\/strong><\/span> \u2013 10.000 z\u0142,<\/p>\n<p><span style=\"color: #002c5b;\"><strong>w Zadaniu 4<\/strong><\/span> \u2013 6.000 z\u0142,<\/p>\n<p><span style=\"color: #002c5b;\"><strong>w Zadaniu 5<\/strong><\/span> \u2013 1.650 z\u0142;<\/p>\n<p><span style=\"color: #002c5b;\"><strong>Obszar C:<\/strong><\/span><\/p>\n<p><span style=\"color: #002c5b;\"><strong>w Zadaniu 1<\/strong><\/span> \u2013 17.600 z\u0142, z mo\u017cliwo\u015bci\u0105 zwi\u0119kszenia kwoty dofinansowania do kwoty rekomendowanej przez eksperta PFRON, jednak nie wi\u0119cej ni\u017c 27.500 z\u0142,<\/p>\n<p><span style=\"color: #002c5b;\"><strong>w Zadaniu 2<\/strong><\/span> \u2013 3.850 z\u0142, z czego na zakup jednego akumulatora \u2013 nie wi\u0119cej ni\u017c 1.100 z\u0142,<\/p>\n<p><span style=\"color: #002c5b;\"><strong>w Zadaniu 3<\/strong><\/span> dla protezy na III poziomie jako\u015bci, przy amputacji:<\/p>\n<ul>\n<li>w zakresie r\u0119ki \u2013 13.200 z\u0142,<\/li>\n<li>przedramienia \u2013 28.600 z\u0142,<\/li>\n<li>ramienia lub wy\u0142uszczeniu w stawie barkowym \u2013 33.000 z\u0142,<\/li>\n<li>na poziomie stopy lub podudzia \u2013 19.800 z\u0142,<\/li>\n<li>na wysoko\u015bci uda (tak\u017ce przez staw kolanowy) \u2013 27.500 z\u0142,<\/li>\n<li>uda lub wy\u0142uszczeniu w stawie biodrowym \u2013 33.000 z\u0142,<\/li>\n<\/ul>\n<p>z mo\u017cliwo\u015bci\u0105 zwi\u0119kszenia w wyj\u0105tkowych przypadkach kwoty dofinansowania przez realizatora programu do kwoty rekomendowanej przez eksperta PFRON i&nbsp;wy\u0142\u0105cznie wtedy, gdy celowo\u015b\u0107 zwi\u0119kszenia jako\u015bci protezy do poziomu IV (dla zdolno\u015bci do pracy wnioskodawcy), zostanie zarekomendowana przez eksperta PFRON, jednak nie wi\u0119cej ni\u017c do trzykrotno\u015bci kwot wskazanych powy\u017cej,<\/p>\n<p><span style=\"color: #002c5b;\"><strong>w Zadaniu 4<\/strong><\/span> \u2013 do 30% kwot, o kt\u00f3rych mowa w Zadaniu 3,<\/p>\n<p>w Zadaniu 1, 3 i 4 dla refundacji koszt\u00f3w dojazdu beneficjenta programu na&nbsp;spotkanie z&nbsp;ekspertem PFRON lub koszt\u00f3w dojazdu eksperta PFRON na&nbsp;spotkanie z beneficjentem programu \u2013 w zale\u017cno\u015bci od poniesionych koszt\u00f3w, nie wi\u0119cej ni\u017c 220 z\u0142,<\/p>\n<p><span style=\"color: #002c5b;\"><strong>w Zadaniu 5<\/strong><\/span> \u2013 8.250 z\u0142;<\/p>\n<p><span style=\"color: #002c5b;\"><strong>Obszar D<\/strong><\/span> \u2013 330 z\u0142 miesi\u0119cznie \u2013 tytu\u0142em koszt\u00f3w opieki nad jedn\u0105 (ka\u017cd\u0105) osob\u0105 zale\u017cn\u0105.<\/p>\n<p>&nbsp;W ramach&nbsp; <span style=\"color: #002c5b;\"><strong>MODU\u0141U II<\/strong><\/span>&nbsp; kwota dofinansowania koszt\u00f3w nauki, dotycz\u0105cych semestru\/p\u00f3\u0142rocza obj\u0119tego dofinansowaniem, wynosi w przypadku:<\/p>\n<p>a)&nbsp;&nbsp;&nbsp;<span style=\"color: #002c5b;\"><strong>dodatku na pokrycie koszt\u00f3w kszta\u0142cenia:<\/strong><\/span><\/p>\n<ul>\n<li>do 1.100 z\u0142 dla Wnioskodawc\u00f3w pobieraj\u0105cych nauk\u0119 w szkole policealnej lub kolegium,<\/li>\n<li>do 1.650 z\u0142 dla pozosta\u0142ych Wnioskodawc\u00f3w;<\/li>\n<\/ul>\n<p>b)&nbsp;&nbsp;&nbsp;<span style=\"color: #002c5b;\"><strong>dodatku na uiszczenie op\u0142aty za przeprowadzenie przewodu doktorskiego<\/strong><\/span> \u2013 do 4.400 z\u0142,<\/p>\n<p>c)&nbsp;&nbsp;&nbsp;<span style=\"color: #002c5b;\"><strong>op\u0142aty za nauk\u0119 (czesne)<\/strong><\/span> \u2013 wysoko\u015b\u0107 koszt\u00f3w czesnego w ramach jednej, aktualnie realizowanej formy kszta\u0142cenia na poziomie wy\u017cszym (na jednym kierunku) &#8211; niezale\u017cnie od daty poniesienia koszt\u00f3w, przy czym dofinansowanie powy\u017cej kwoty 4.400 z\u0142 jest mo\u017cliwe wy\u0142\u0105cznie w przypadku, gdy wysoko\u015b\u0107 przeci\u0119tnego miesi\u0119cznego dochodu Wnioskodawcy nie przekracza kwoty 764 z\u0142 (netto) na osob\u0119.<\/p>\n<p>W przypadku, gdy wnioskodawca w module II pobiera nauk\u0119 w ramach dw\u00f3ch i wi\u0119cej form kszta\u0142cenia na poziomie wy\u017cszym (kierunk\u00f3w studi\u00f3w), kwota dofinansowania op\u0142aty za nauk\u0119 (czesne) mo\u017ce by\u0107 zwi\u0119kszona o r\u00f3wnowarto\u015b\u0107 po\u0142owy koszt\u00f3w czesnego na kolejnym \/ kolejnych kierunkach nauki, przy czym dofinansowanie powy\u017cej kwoty 2.200 jest mo\u017cliwe wy\u0142\u0105cznie w przypadku, gdy wysoko\u015b\u0107 przeci\u0119tnego miesi\u0119cznego dochodu wnioskodawcy nie przekracza kwoty 764 z\u0142 (netto) na osob\u0119.<\/p>\n<p><strong><span style=\"color: #002c5b;\">Dodatek na pokrycie koszt\u00f3w kszta\u0142cenia<\/span>,<\/strong> o kt\u00f3rym mowa powy\u017cej, <span style=\"color: #002c5b;\"><strong>mo\u017ce by\u0107 zwi\u0119kszony, nie wi\u0119cej ni\u017c o:<\/strong><\/span><\/p>\n<ol style=\"list-style-type: lower-alpha;\">\n<li><span style=\"color: #002c5b;\"><strong>770 z\u0142<\/strong><\/span> \u2013 w przypadku, gdy wnioskodawca posiada orzeczenie o znacznym stopniu niepe\u0142nosprawno\u015bci i w orzeczeniu wi\u0119cej ni\u017c jedn\u0105 przyczyn\u0119 wydania orzeczenia,<\/li>\n<li><span style=\"color: #002c5b;\"><strong>550 z\u0142<\/strong> <\/span>\u2013 w przypadku, gdy wnioskodawca ponosi koszty z tytu\u0142u pobierania nauki poza miejscem zamieszkania,<\/li>\n<li><span style=\"color: #002c5b;\"><strong>330 z\u0142<\/strong><\/span> \u2013 w przypadku, gdy wnioskodawca posiada aktualn\u0105 (wa\u017cn\u0105) Kart\u0119 Du\u017cej Rodziny,<\/li>\n<li><span style=\"color: #002c5b;\"><strong>330 z\u0142<\/strong> <\/span>\u2013 w przypadku, gdy wnioskodawca pobiera nauk\u0119 jednocze\u015bnie na dw\u00f3ch kierunkach studi\u00f3w\/nauki (przyznanie tej kwoty oznacza dofinansowanie koszt\u00f3w nauki\/udzielenie pomocy tak\u017ce na drugim kierunku),<\/li>\n<li><span style=\"color: #002c5b;\"><strong>220 z\u0142<\/strong><\/span> \u2013 w przypadku, gdy wnioskodawca studiuje w przyspieszonym trybie,<\/li>\n<li><span style=\"color: #002c5b;\"><strong>330 z\u0142<\/strong><\/span> \u2013 w&nbsp; przypadku, gdy wnioskodawc\u0105 jest osoba poszkodowana w 2022 lub w 2023 roku w wyniku dzia\u0142ania \u017cywio\u0142u lub innych zdarze\u0144 losowych,<\/li>\n<li><span style=\"color: #002c5b;\"><strong>330 z\u0142<\/strong><\/span> \u2013 w przypadku, gdy wnioskodawca korzysta z us\u0142ug t\u0142umacza j\u0119zyka migowego,<\/li>\n<li><span style=\"color: #002c5b;\"><strong>880 z\u0142<\/strong><\/span> \u2013 w przypadku, gdy wnioskodawca posiada podpis elektroniczny\/Profil Zaufany na platformie ePUAP i z\u0142o\u017cy wniosek o dofinansowanie w formie elektronicznej w dedykowanym systemie przygotowanym przez Pa\u0144stwowy Fundusz Rehabilitacji Os\u00f3b Niepe\u0142nosprawnych, przy czym mo\u017cliwo\u015b\u0107 ta dotyczy tylko tych wnioskodawc\u00f3w, kt\u00f3rzy skorzystaj\u0105 z tego zwi\u0119kszenia po raz pierwszy (wsparcie jest jednorazowe),<\/li>\n<li><span style=\"color: #002c5b;\"><strong>550 z\u0142<\/strong><\/span> \u2013 w przypadku, gdy wnioskodawca w poprzednim semestrze pobiera\u0142 lub aktualnie pobiera nauk\u0119 w formie zdalnej, w tym w systemie hybrydowym.<\/li>\n<\/ol>\n<p>Dodatek na pokrycie koszt\u00f3w kszta\u0142cenia, o kt\u00f3rym mowa powy\u017cej nie przys\u0142uguje w przypadku, gdy wnioskodawca zmieniaj\u0105c kierunek lub szko\u0142\u0119\/uczelni\u0119 w trakcie pobierania nauki (nie uko\u0144czywszy jej), ponownie pobiera nauk\u0119 na poziomie (semestr\/p\u00f3\u0142rocze) obj\u0119tym uprzednio dofinansowaniem ze \u015brodk\u00f3w Pa\u0144stwowego Funduszu Rehabilitacji Os\u00f3b Niepe\u0142nosprawnych w ramach programu.<\/p>\n<p><span style=\"color: #002c5b;\"><strong>Pomoc w module II w formie dodatku na pokrycie koszt\u00f3w kszta\u0142cenia<\/strong><\/span>, o kt\u00f3rym mowa powy\u017cej, ma charakter progresywny i motywacyjny. Wysoko\u015b\u0107 dodatku dla ka\u017cdego wnioskodawcy jest uzale\u017cniona od jego post\u0119p\u00f3w w nauce i wynosi:<\/p>\n<ol style=\"list-style-type: lower-alpha;\">\n<li><span style=\"color: #002c5b;\"><strong>do 50% wyliczonej dla wnioskodawcy maksymalnej kwoty dodatku<\/strong><\/span> \u2013 w przypadku pobierania nauki na pierwszym roku nauki w ramach wszystkich form edukacji na poziomie wy\u017cszym, w przypadku form kszta\u0142cenia trwaj\u0105cych jeden rok \u2013 do 75% wyliczonej dla wnioskodawcy maksymalnej kwoty dodatku;<\/li>\n<li><span style=\"color: #002c5b;\"><strong>do 75% wyliczonej dla wnioskodawcy maksymalnej kwoty dodatku<\/strong><\/span> \u2013 w&nbsp;przypadku pobierania nauki na kolejnym, drugim roku edukacji w ramach wszystkich form edukacji na&nbsp;poziomie wy\u017cszym;<\/li>\n<li><span style=\"color: #002c5b;\"><strong>do 100% wyliczonej dla wnioskodawcy maksymalnej kwoty dodatku<\/strong><\/span> \u2013 w&nbsp;przypadku pobierania nauki w kolejnych latach (od trzeciego roku) danej formy edukacji na&nbsp;poziomie wy\u017cszym,<\/li>\n<\/ol>\n<p>przy czym studenci studi\u00f3w II stopnia i doktoranci szk\u00f3\u0142 doktoranckich oraz uczestnicy studi\u00f3w doktoranckich mog\u0105 otrzyma\u0107 dodatek w kwocie maksymalnej na ka\u017cdym etapie nauki.<\/p>\n<p>Przekazanie dofinansowania koszt\u00f3w op\u0142aty za nauk\u0119 (czesne) oraz dodatku na uiszczenie op\u0142aty za przeprowadzenie przewodu doktorskiego nast\u0119puje po zawarciu umowy dofinansowania.<\/p>\n<p>Przekazanie dodatku na pokrycie koszt\u00f3w kszta\u0142cenia nast\u0119puje po zawarciu umowy dofinansowania i przekazaniu realizatorowi programu informacji o zaliczeniu przez wnioskodawc\u0119 semestru\/p\u00f3\u0142rocza obj\u0119tego dofinansowaniem lub po z\u0142o\u017ceniu za\u015bwiadczenia ze szko\u0142y\/uczelni, \u017ce wnioskodawca ucz\u0119szcza\u0142 na zaj\u0119cia, obj\u0119te planem\/programem studi\u00f3w\/nauki.<\/p>\n<p>Wnioskodawca, kt\u00f3ry w okresie obj\u0119tym dofinansowaniem, z przyczyn innych ni\u017c niezale\u017cnych od niego (np. stan zdrowia) &#8211; nie ucz\u0119szcza\u0142 na zaj\u0119cia obj\u0119te planem\/ programem studi\u00f3w\/nauki, a w przypadku przewodu doktorskiego \u2013 nie realizowa\u0142 przewodu doktorskiego zgodnie z przyj\u0119tym harmonogramem, zobowi\u0105zany jest do zwrotu kwoty dofinansowania koszt\u00f3w nauki w tym semestrze\/p\u00f3\u0142roczu.<\/p>\n<p>Decyzj\u0119 o wysoko\u015bci pomocy dla wnioskodawcy podejmuje realizator programu \u2013 PCPR w Kolnie, kt\u00f3ry ustala w\u0142asne sposoby r\u00f3\u017cnicowania wysoko\u015bci dofinansowania.<\/p>\n<h2><strong>UDZIA\u0141 W\u0141ASNY<\/strong><\/h2>\n<p><span style=\"color: #002c5b;\"><strong>Udzia\u0142 w\u0142asny wnioskodawcy jest wymagany w poni\u017cszych zadaniach:<\/strong><\/span><\/p>\n<ol style=\"list-style-type: lower-alpha;\">\n<li>w module I wynosi co najmniej 10% ceny brutto zakupu\/us\u0142ugi, przy czym w ramach Obszaru B Zadanie 2 i Obszaru C Zadanie 2 \u2013 nie jest wymagany;<\/li>\n<li>w module II \u2013 w zakresie koszt\u00f3w czesnego:<\/li>\n<\/ol>\n<ul>\n<li>10% warto\u015bci czesnego \u2013 w przypadku zatrudnionych beneficjent\u00f3w programu, kt\u00f3rzy korzystaj\u0105 z pomocy w ramach jednej formy kszta\u0142cenia na poziomie wy\u017cszym (na jednym kierunku),<\/li>\n<li>60% warto\u015bci czesnego \u2013 w przypadku zatrudnionych beneficjent\u00f3w programu, kt\u00f3rzy jednocze\u015bnie korzystaj\u0105 z pomocy w ramach wi\u0119cej ni\u017c jednej formy kszta\u0142cenia na poziomie wy\u017cszym (wi\u0119cej ni\u017c jeden kierunek) \u2013 warunek dotyczy drugiej i kolejnych form kszta\u0142cenia na poziomie wy\u017cszym (drugiego i kolejnych kierunk\u00f3w).<\/li>\n<\/ul>\n<p>Z obowi\u0105zku wniesienia ww. udzia\u0142u w\u0142asnego w module II zwolniony jest wnioskodawca, gdy wysoko\u015b\u0107 jego przeci\u0119tnego miesi\u0119cznego dochodu nie przekracza kwoty 764 z\u0142 (netto) na osob\u0119.<\/p>\n<p>\u015arodki finansowe stanowi\u0105ce udzia\u0142 w\u0142asny wnioskodawcy mog\u0105 pochodzi\u0107 z r\u00f3\u017cnych \u017ar\u00f3de\u0142, jednak nie mog\u0105 pochodzi\u0107 ze \u015brodk\u00f3w Pa\u0144stwowego Funduszu Rehabilitacji Os\u00f3b Niepe\u0142nosprawnych.<\/p>\n<h2><strong>TERMINY PRZYJMOWANIA WNIOSK\u00d3W<\/strong><\/h2>\n<p>Przyjmowanie wniosk\u00f3w:<\/p>\n<p>a) w ramach <span style=\"color: #002c5b;\"><strong>Modu\u0142u I<\/strong><\/span> nast\u0119puje w terminie:<\/p>\n<ul>\n<li><span style=\"color: #002c5b;\"><strong>od 1 marca do 31 sierpnia 2024 roku. <\/strong><\/span><\/li>\n<\/ul>\n<p>b) w ramach <span style=\"color: #002c5b;\"><strong>Modu\u0142u II<\/strong><\/span> w nast\u0119puj\u0105cych terminach:<\/p>\n<ul>\n<li><span style=\"color: #002c5b;\"><strong>od 1 marca do 31 marca 2024 roku<\/strong> <\/span>(dla wniosk\u00f3w dot. roku akademickiego 2023\/2024),<\/li>\n<li><span style=\"color: #002c5b;\"><strong>od 1 wrze\u015bnia do 10 pa\u017adziernika 2024 roku<\/strong><\/span> (dla wniosk\u00f3w dot. roku akademickiego 2024\/2025).&nbsp;<\/li>\n<\/ul>\n<p>Za dat\u0119 z\u0142o\u017cenia wniosku uwa\u017ca si\u0119 dat\u0119 jego z\u0142o\u017cenia w Systemie SOW, dat\u0119 wp\u0142ywu wersji papierowej do PCPR w Kolnie, a w przypadku wniosk\u00f3w sk\u0142adanych drog\u0105 pocztow\u0105, dat\u0119 stempla pocztowego.<\/p>\n<p>Wnioski o dofinansowanie na poszczeg\u00f3lne zadania programu b\u0119dzie mo\u017cna sk\u0142ada\u0107 od dnia 1 marca 2024 r. w nast\u0119puj\u0105cy spos\u00f3b:<\/p>\n<ul>\n<li><strong><span style=\"color: #002c5b;\">elektronicznie<\/span>,<\/strong> wykorzystuj\u0105c darmowy System SOW (<a href=\"https:\/\/sow.pfron.org.pl\/\"><strong>sow.pfron.org.pl<\/strong><\/a>),<\/li>\n<li><strong><span style=\"color: #002c5b;\">papierowo<\/span>,<\/strong> w siedzibie PCPR w Kolnie.&nbsp;<\/li>\n<\/ul>\n<p>Je\u015bli jeste\u015b zainteresowany uzyskaniem wsparcia, to w ramach SOW mo\u017cesz skorzysta\u0107 z r\u00f3\u017cnych form pomocy przy z\u0142o\u017ceniu wniosku. S\u0105 to:<\/p>\n<ul>\n<li>kreator u\u0142atwiaj\u0105cy wnioskowanie o \u015brodki,<\/li>\n<li>infolinia,<\/li>\n<li>mobilny asystent,<\/li>\n<li>pracownik PFRON w punkcie informacyjnym SOW. Takie punkty s\u0105 zlokalizowane w oddzia\u0142ach PFRON<\/li>\n<\/ul>\n<p>Aby z\u0142o\u017cy\u0107 wniosek elektronicznie nale\u017cy posiada\u0107:<\/p>\n<ul>\n<li>dost\u0119p do Internetu,<\/li>\n<li>konto w Systemie SOW,<\/li>\n<li>Profil Zaufany na platformie ePUAP. Profil Zaufany mo\u017cna potwierdzi\u0107 w wielu instytucjach oraz online przy pomocy dziesi\u0119ciu r\u00f3\u017cnych bank\u00f3w&nbsp;<\/li>\n<\/ul>\n<p>Program &#8222;Aktywny Samorz\u0105d&#8221; jest finansowany ze \u015brodk\u00f3w Pa\u0144stwowego Funduszu Rehabilitacji Os\u00f3b Niepe\u0142nosprawnych. Realizatorem programu na terenie powiatu kolne\u0144skiego jest Powiatowe Centrum Pomocy Rodzinie w Kolnie, ul. Wojska Polskiego 69 D, 18-500 Kolno, tel. 86 2781334<\/p>\n<p>Szczeg\u00f3\u0142owe warunki uczestnictwa os\u00f3b niepe\u0142nosprawnych w poszczeg\u00f3lnych obszarach programu dost\u0119pne s\u0105 w siedzibie PCPR w Kolnie oraz zosta\u0142y opublikowane na witrynie internetowej PFRON:&nbsp;<a href=\"http:\/\/www.pfron.org.pl\/\"><strong>www.pfron.org.pl<\/strong><\/a><\/p>\n","protected":false},"excerpt":{"rendered":"<p>Celem g\u0142\u00f3wnym programu jest wyeliminowanie lub zmniejszenie barier ograniczaj\u0105cych uczestnictwo beneficjent\u00f3w programu w \u017cyciu spo\u0142ecznym, zawodowym i w dost\u0119pie do edukacji.\u00a0<\/p>\n","protected":false},"author":1,"featured_media":1872,"comment_status":"closed","ping_status":"closed","sticky":false,"template":"","format":"standard","meta":{"ngg_post_thumbnail":0,"footnotes":""},"categories":[1],"tags":[],"class_list":["post-3233","post","type-post","status-publish","format-standard","has-post-thumbnail","hentry","category-ogloszenia"],"_links":{"self":[{"href":"https:\/\/cusstawiski.pl\/index.php?rest_route=\/wp\/v2\/posts\/3233","targetHints":{"allow":["GET"]}}],"collection":[{"href":"https:\/\/cusstawiski.pl\/index.php?rest_route=\/wp\/v2\/posts"}],"about":[{"href":"https:\/\/cusstawiski.pl\/index.php?rest_route=\/wp\/v2\/types\/post"}],"author":[{"embeddable":true,"href":"https:\/\/cusstawiski.pl\/index.php?rest_route=\/wp\/v2\/users\/1"}],"replies":[{"embeddable":true,"href":"https:\/\/cusstawiski.pl\/index.php?rest_route=%2Fwp%2Fv2%2Fcomments&post=3233"}],"version-history":[{"count":4,"href":"https:\/\/cusstawiski.pl\/index.php?rest_route=\/wp\/v2\/posts\/3233\/revisions"}],"predecessor-version":[{"id":3237,"href":"https:\/\/cusstawiski.pl\/index.php?rest_route=\/wp\/v2\/posts\/3233\/revisions\/3237"}],"wp:featuredmedia":[{"embeddable":true,"href":"https:\/\/cusstawiski.pl\/index.php?rest_route=\/wp\/v2\/media\/1872"}],"wp:attachment":[{"href":"https:\/\/cusstawiski.pl\/index.php?rest_route=%2Fwp%2Fv2%2Fmedia&parent=3233"}],"wp:term":[{"taxonomy":"category","embeddable":true,"href":"https:\/\/cusstawiski.pl\/index.php?rest_route=%2Fwp%2Fv2%2Fcategories&post=3233"},{"taxonomy":"post_tag","embeddable":true,"href":"https:\/\/cusstawiski.pl\/index.php?rest_route=%2Fwp%2Fv2%2Ftags&post=3233"}],"curies":[{"name":"wp","href":"https:\/\/api.w.org\/{rel}","templated":true}]}}