{"id":3619,"date":"2024-10-29T23:53:16","date_gmt":"2024-10-29T22:53:16","guid":{"rendered":"https:\/\/cusstawiski.pl\/?p=3619"},"modified":"2024-11-17T00:29:55","modified_gmt":"2024-11-16T23:29:55","slug":"konferencja-regionalna-kierunki-rozwoju-uslug-spolecznych-i-procesu-deinstytucjonalizacji-w-wojewodztwie-podlaskim","status":"publish","type":"post","link":"https:\/\/cusstawiski.pl\/?p=3619","title":{"rendered":"&#8222;Kierunki rozwoju us\u0142ug spo\u0142ecznych i procesu deinstytucjonalizacji w wojew\u00f3dztwie podlaskim&#8221; &#8211; konferencja"},"content":{"rendered":"<p><span style=\"color: #002c5b;\"><strong>Data i miejsce wydarzenia: 29 pa\u017adziernika 2024 r., Hotel 3 Trio, Bia\u0142ystok<\/strong><\/span><\/p>\n<p>Konferencja zosta\u0142a zorganizowana przez Regionalny O\u015brodek Polityki Spo\u0142eczne w Bia\u0142ymstoku we wsp\u00f3\u0142pracy z Krajowym Forum Centrum Us\u0142ug Spo\u0142ecznych (CUS). Spotkanie zainaugurowa\u0142o projekt pn. &#8222;Koordynacja dzia\u0142a\u0144 w zakresie polityki spo\u0142ecznej w wojew\u00f3dztwie podlaskim&#8221;. W wydarzeniu wzi\u0119li udzia\u0142 liczni przedstawiciele o\u015brodk\u00f3w pomocy spo\u0142ecznej, centr\u00f3w us\u0142ug spo\u0142ecznych, urz\u0119d\u00f3w miast i gmin, a tak\u017ce instytucji dzia\u0142aj\u0105cych na rzecz rozwoju us\u0142ug spo\u0142ecznych w wojew\u00f3dztwie podlaskim.<\/p>\n<p><span style=\"color: #002c5b;\"><strong>Go\u015bcie i prelegenci:<\/strong><\/span><\/p>\n<p>Podczas konferencji uczestnicy mieli okazj\u0119 wys\u0142ucha\u0107 wyst\u0105pie\u0144 ekspert\u00f3w i praktyk\u00f3w.<\/p>\n<p>Pani El\u017cbieta Rajewska-Nikonowicz, Dyrektor ROPS w Bia\u0142ymstoku, przywita\u0142a go\u015bci i przedstawi\u0142a tematyk\u0119 oraz cel wydarzenia.<\/p>\n<p>Pani Ma\u0142gorzata Janczuk, kierownik projektu, zaprezentowa\u0142a za\u0142o\u017cenia projektu &#8222;Koordynacja dzia\u0142a\u0144 w zakresie polityki spo\u0142ecznej w wojew\u00f3dztwie podlaskim&#8221;.<\/p>\n<p>Dr hab. Marek Rymsza, Doradca Prezydenta RP i Przewodnicz\u0105cy Rady ds. Spo\u0142ecznych Narodowej Rady Rozwoju, om\u00f3wi\u0142 systemow\u0105 zmian\u0119 w Polsce w kontek\u015bcie rozwoju CUS-&nbsp;\u00f3w.<\/p>\n<p>Pan Cezary Mi\u017cejewski, ekspert z zakresu ekonomii spo\u0142ecznej, przybli\u017cy\u0142 proces planowania spo\u0142ecznego i rol\u0119 ekonomii spo\u0142ecznej w rozwoju us\u0142ug spo\u0142ecznych.<\/p>\n<p>Dr hab. Bohdan Skrzypczak, Prezes Centrum Wspierania Aktywno\u015bci Lokalnej, zaprezentowa\u0142 Model Us\u0142ug Spo\u0142ecznych oparty na organizowaniu spo\u0142eczno\u015bci lokalnej.<\/p>\n<p>Pani Anna Ostasz, Przewodnicz\u0105ca Zarz\u0105du Krajowego Forum CUS, om\u00f3wi\u0142a dzia\u0142alno\u015b\u0107 forum jako platformy sieciuj\u0105cej rozw\u00f3j us\u0142ug spo\u0142ecznych.<\/p>\n<p>Pan Marcin J\u00f3\u017ako, socjolog i cz\u0142onek Krajowego Forum CUS, zaprezentowa\u0142 wyniki najnowszych bada\u0144 dotycz\u0105cych dzia\u0142alno\u015bci CUS-\u00f3w i realizacji us\u0142ug spo\u0142ecznych w Polsce.<\/p>\n<p>Panel dyskusyjny i dobre praktyki:<\/p>\n<p>Podczas panelu dyskusyjnego zaprezentowano dobre praktyki funkcjonowania CUS-\u00f3w.<\/p>\n<p>Pani Anna Ostasz, Dyrektor CUS w Be\u0142\u017cycach, i Pani Katarzyna \u017bukowska-Koc, Dyrektor CUS w \u0141apach, podzieli\u0142y si\u0119 swoimi do\u015bwiadczeniami w zarz\u0105dzaniu centrami.<\/p>\n<p>Pani Izabela Wasielewska, Dyrektor CUS w Stawiskach, zaprezentowa\u0142a dzia\u0142alno\u015b\u0107 CUS w&nbsp;Stawiskach. Przedstawi\u0142a us\u0142ugi spo\u0142eczne \u015bwiadczone dla mieszka\u0144c\u00f3w gminy oraz korzy\u015bci wynikaj\u0105ce z przekszta\u0142cenia OPS w CUS.<\/p>\n<p><span style=\"color: #002c5b;\"><strong>Wa\u017cne wydarzenie:<\/strong><\/span><\/p>\n<p>Podczas konferencji powo\u0142ano Podlaskie Regionalne Forum CUS, kt\u00f3re zrzesza o\u015brodki pomocy spo\u0142ecznej z wojew\u00f3dztwa podlaskiego. Celem forum jest wspieranie procesu deinstytucjonalizacji us\u0142ug spo\u0142ecznych oraz rozw\u00f3j wsp\u00f3\u0142pracy mi\u0119dzy jednostkami.<\/p>\n<p>ngg_shortcode_0_placeholder<span style=\"color: #002c5b;\"><strong>Wyr\u00f3\u017cnienie dla CUS w Stawiskach:<\/strong><\/span><\/p>\n<p>Centrum Us\u0142ug Spo\u0142ecznych w Stawiskach zosta\u0142o cz\u0142onkiem Podlaskiego Regionalnego Forum CUS. Przyst\u0105pienie Centrum Us\u0142ug Spo\u0142ecznych w Stawiskach do Podlaskiego Regionalnego Forum CUS otwiera nowe mo\u017cliwo\u015bci rozwoju i wsp\u00f3\u0142pracy. Dzi\u0119ki temu CUS w Stawiskach zyska szans\u0119 na:<\/p>\n<ul>\n<li>wymian\u0119 do\u015bwiadcze\u0144 i dobrych praktyk z innymi jednostkami,<\/li>\n<li>dost\u0119p do wiedzy i wsparcia ekspert\u00f3w w procesie deinstytucjonalizacji,<\/li>\n<li>wi\u0119ksz\u0105 skuteczno\u015b\u0107 w rozwijaniu i dostosowywaniu us\u0142ug spo\u0142ecznych do potrzeb mieszka\u0144c\u00f3w,<\/li>\n<li>wzmocnienie partnerstwa z o\u015brodkami pomocy spo\u0142ecznej w regionie.<\/li>\n<\/ul>\n<p>To wyr\u00f3\u017cnienie wzmacnia pozycj\u0119 CUS w Stawiskach jako lidera lokalnych us\u0142ug spo\u0142ecznych, przyczyniaj\u0105c si\u0119 do poprawy jako\u015bci \u017cycia w gminie.<\/p>\n<p><span style=\"color: #002c5b;\"><strong>Centrum Us\u0142ug Spo\u0142ecznych (CUS)<\/strong><\/span> to miejsce, kt\u00f3re integruje i koordynuje r\u00f3\u017cnorodne formy pomocy i wsparcia dla spo\u0142eczno\u015bci lokalnej. Dzia\u0142a na rzecz poprawy jako\u015bci \u017cycia mieszka\u0144c\u00f3w, oferuj\u0105c szeroki zakres us\u0142ug spo\u0142ecznych, takich jak pomoc rodzinom, wsparcie senior\u00f3w, aktywizacja os\u00f3b bezrobotnych czy organizowanie dzia\u0142a\u0144 wspieraj\u0105cych integracj\u0119 spo\u0142eczn\u0105. CUS odpowiada na potrzeby lokalnej spo\u0142eczno\u015bci, tworz\u0105c przestrze\u0144, w kt\u00f3rej ka\u017cdy mieszkaniec mo\u017ce uzyska\u0107 kompleksow\u0105 i dostosowan\u0105 do swoich potrzeb pomoc.<\/p>\n","protected":false},"excerpt":{"rendered":"<p>Konferencja zosta\u0142a zorganizowana przez Regionalny O\u015brodek Polityki Spo\u0142eczne w Bia\u0142ymstoku we wsp\u00f3\u0142pracy z Krajowym Forum Centrum Us\u0142ug Spo\u0142ecznych (CUS)<\/p>\n","protected":false},"author":1,"featured_media":3621,"comment_status":"closed","ping_status":"closed","sticky":false,"template":"","format":"standard","meta":{"ngg_post_thumbnail":0,"footnotes":""},"categories":[1],"tags":[],"class_list":["post-3619","post","type-post","status-publish","format-standard","has-post-thumbnail","hentry","category-ogloszenia"],"_links":{"self":[{"href":"https:\/\/cusstawiski.pl\/index.php?rest_route=\/wp\/v2\/posts\/3619","targetHints":{"allow":["GET"]}}],"collection":[{"href":"https:\/\/cusstawiski.pl\/index.php?rest_route=\/wp\/v2\/posts"}],"about":[{"href":"https:\/\/cusstawiski.pl\/index.php?rest_route=\/wp\/v2\/types\/post"}],"author":[{"embeddable":true,"href":"https:\/\/cusstawiski.pl\/index.php?rest_route=\/wp\/v2\/users\/1"}],"replies":[{"embeddable":true,"href":"https:\/\/cusstawiski.pl\/index.php?rest_route=%2Fwp%2Fv2%2Fcomments&post=3619"}],"version-history":[{"count":9,"href":"https:\/\/cusstawiski.pl\/index.php?rest_route=\/wp\/v2\/posts\/3619\/revisions"}],"predecessor-version":[{"id":3650,"href":"https:\/\/cusstawiski.pl\/index.php?rest_route=\/wp\/v2\/posts\/3619\/revisions\/3650"}],"wp:featuredmedia":[{"embeddable":true,"href":"https:\/\/cusstawiski.pl\/index.php?rest_route=\/wp\/v2\/media\/3621"}],"wp:attachment":[{"href":"https:\/\/cusstawiski.pl\/index.php?rest_route=%2Fwp%2Fv2%2Fmedia&parent=3619"}],"wp:term":[{"taxonomy":"category","embeddable":true,"href":"https:\/\/cusstawiski.pl\/index.php?rest_route=%2Fwp%2Fv2%2Fcategories&post=3619"},{"taxonomy":"post_tag","embeddable":true,"href":"https:\/\/cusstawiski.pl\/index.php?rest_route=%2Fwp%2Fv2%2Ftags&post=3619"}],"curies":[{"name":"wp","href":"https:\/\/api.w.org\/{rel}","templated":true}]}}