{"id":4609,"date":"2026-04-27T09:25:03","date_gmt":"2026-04-27T07:25:03","guid":{"rendered":"https:\/\/cusstawiski.pl\/?p=4609"},"modified":"2026-04-27T09:32:52","modified_gmt":"2026-04-27T07:32:52","slug":"wakacje-dla-dzieci-z-pieczy-zastepczej-summer-camp","status":"publish","type":"post","link":"https:\/\/cusstawiski.pl\/?p=4609","title":{"rendered":"Wakacje dla dzieci z pieczy zast\u0119pczej"},"content":{"rendered":"<p>Zapraszamy do zapoznania si\u0119 z nasz\u0105 niezwyk\u0142\u0105 ofert\u0105 letniej kolonii <span style=\"color: #002c5b;\"><strong>dla dzieci i m\u0142odzie\u017cy z pieczy zast\u0119pczej<\/strong><\/span> w malowniczych Siemianach (gmina I\u0142awa), nad brzegiem jeziora Jeziorak. O\u015brodek nasz po\u0142o\u017cony w\u015br\u00f3d lasu, oferuje niezapomniane chwile pe\u0142ne przyg\u00f3d i rado\u015bci.<\/p>\n<p><span style=\"color: #002c5b;\"><strong>Propozycja Programu:<\/strong><\/span><\/p>\n<ul>\n<li><span style=\"color: #002c5b;\"><strong>Przygoda na wodzie:<\/strong><\/span> Wyp\u0142y\u0144cie na kajakach i rowerach wodnych pod czujnym okiem do\u015bwiadczonego instruktora, gotowi na ekscytuj\u0105ce wyprawy po jeziorze.<\/li>\n<li><span style=\"color: #002c5b;\"><strong>Sportowe emocje:<\/strong><\/span> Rozegrajcie mecze w pi\u0142k\u0119 no\u017cn\u0105, siatk\u00f3wk\u0119, koszyk\u00f3wk\u0119, a tak\u017ce zagrajcie w tenisa sto\u0142owego, badmintona oraz speed-ball. Czekaj\u0105 na Was sportowe zmagania pe\u0142ne zabawy i zdrowej rywalizacji.<\/li>\n<li><span style=\"color: #002c5b;\"><strong>Relaks na pla\u017cy:<\/strong><\/span> Zanurzcie si\u0119 w przyjemnych k\u0105pielach w jeziorze i rozkoszujcie si\u0119 leniwym relaksem na pla\u017cy, oddaj\u0105c si\u0119 letnim rozrywkom i s\u0142onecznym popo\u0142udniom.<\/li>\n<li><span style=\"color: #002c5b;\"><strong>W\u0119dr\u00f3wki po lesie:<\/strong><\/span> Wybierzcie si\u0119 na fascynuj\u0105ce w\u0119dr\u00f3wki po okolicy, odkrywaj\u0105c ukryte zak\u0105tki przyrody i poznaj\u0105c tajemnice le\u015bnego \u017cycia.<\/li>\n<li><span style=\"color: #002c5b;\"><strong>Wieczory pe\u0142ne rozrywki:<\/strong><\/span> Rozta\u0144czcie si\u0119 podczas energicznej dyskoteki, prze\u017cyjcie niezapomniane emocje podczas wieczor\u00f3w karaoke oraz bawcie si\u0119 razem podczas r\u00f3\u017cnorodnych konkurs\u00f3w i gier integracyjnych.<\/li>\n<li><span style=\"color: #002c5b;\"><strong>Kino letnie:<\/strong><\/span> Zapraszamy na seanse, gdzie ka\u017cdy wiecz\u00f3r staje si\u0119 magicznym filmowym prze\u017cyciem.<\/li>\n<li>&#8230; i wiele wi\u0119cej niespodzianek czeka na Was na miejscu!<\/li>\n<\/ul>\n<p><span style=\"color: #002c5b;\"><strong>O Nas:<\/strong><\/span><\/p>\n<p style=\"padding-left: 25px;\">Jeste\u015bmy Stowarzyszeniem z wieloletnim do\u015bwiadczeniem w organizacji wypoczynku letniego dla dzieci i m\u0142odzie\u017cy. Dzi\u0119ki naszemu profesjonalizmowi oraz zaanga\u017cowaniu, cieszymy si\u0119 zaufaniem wielu instytucji, kt\u00f3re regularnie korzystaj\u0105 z naszej oferty. Oferujemy komfortowe domki drewniane oraz pe\u0142ne wy\u017cywienie (4 posi\u0142ki dziennie) i dost\u0119p do wody pitnej przez ca\u0142y dzie\u0144. Prysznice i toalety znajduj\u0105 si\u0119 w oddzielnych pomieszczeniach, zapewniaj\u0105c maksymalny komfort i bezpiecze\u0144stwo naszych go\u015bci.<\/p>\n<p style=\"padding-left: 25px;\">Zapraszamy Pa\u0144stwa do zapoznania si\u0119 z nasz\u0105 ofert\u0105 na profilu na Facebooku lub na stronie internetowej. W razie jakichkolwiek pyta\u0144 lub w\u0105tpliwo\u015bci, zach\u0119camy do kontaktu telefonicznego pod numerami 608-028-753 lub 604-076-145.<\/p>\n<p style=\"padding-left: 25px;\">Nasz wypoczynek jest prowadzony zgodnie z obowi\u0105zuj\u0105cymi standardami i podlega zg\u0142oszeniu do Kuratorium O\u015bwiaty w Gda\u0144sku, co stanowi dodatkow\u0105 gwarancj\u0119 wysokiej jako\u015bci us\u0142ug oraz bezpiecze\u0144stwa dzieci i m\u0142odzie\u017cy.<\/p>\n<p><span style=\"color: #002c5b;\"><strong>Zapisy:<\/strong><\/span><\/p>\n<p style=\"padding-left: 25px;\">Nie zwlekaj z zapisaniem si\u0119 na nasz\u0105 letni\u0105 koloni\u0119! Zapewnij uczestnikom niezapomniane wakacyjne prze\u017cycia ju\u017c teraz, rezerwuj\u0105c miejsca mailowo lub przez nasz\u0105 stron\u0119 internetow\u0105. Liczba miejsc jest ograniczona, wi\u0119c nie czekaj &#8211; do\u0142\u0105cz do naszej letniej przygody ju\u017c dzi\u015b!<\/p>\n<p><span style=\"color: #002c5b;\"><strong>Terminy i koszt udzia\u0142u:<\/strong><\/span><\/p>\n<p style=\"padding-left: 25px;\">Szczeg\u00f3\u0142owe informacje na temat termin\u00f3w i kosztu udzia\u0142u znajduj\u0105 si\u0119 w za\u0142\u0105czonej ofercie. Serdecznie zapraszamy do sp\u0119dzenia niezapomnianego lata razem z nami!<\/p>\n<p style=\"text-align: right;\">Z powa\u017caniem,<\/p>\n<p style=\"text-align: right;\">Stowarzyszenie Promyk<br \/>\ntel. 608-028-753 lub 604-076-145<br \/>\ne-mail: <a href=\"mailto:biuro@stowarzyszeniepromyk.com.pl\">biuro@stowarzyszeniepromyk.com.pl<\/a><br \/>\n<a href=\"https:\/\/www.facebook.com\/osrodekpromyk\">www.facebook.com\/osrodekpromyk<\/a><br \/>\n<a href=\"https:\/\/www.stowarzyszeniepromyk.com.pl\/\">www.stowarzyszeniepromyk.com.pl<\/a><\/p>\n","protected":false},"excerpt":{"rendered":"<p>Zapraszamy do zapoznania si\u0119 z nasz\u0105 niezwyk\u0142\u0105 ofert\u0105 letniej kolonii dla dzieci i m\u0142odzie\u017cy z pieczy zast\u0119pczej w malowniczych Siemianach (gmina I\u0142awa), nad brzegiem jeziora&hellip;<\/p>\n","protected":false},"author":1,"featured_media":4612,"comment_status":"closed","ping_status":"closed","sticky":false,"template":"","format":"standard","meta":{"ngg_post_thumbnail":0,"footnotes":""},"categories":[1],"tags":[],"class_list":["post-4609","post","type-post","status-publish","format-standard","has-post-thumbnail","hentry","category-ogloszenia"],"_links":{"self":[{"href":"https:\/\/cusstawiski.pl\/index.php?rest_route=\/wp\/v2\/posts\/4609","targetHints":{"allow":["GET"]}}],"collection":[{"href":"https:\/\/cusstawiski.pl\/index.php?rest_route=\/wp\/v2\/posts"}],"about":[{"href":"https:\/\/cusstawiski.pl\/index.php?rest_route=\/wp\/v2\/types\/post"}],"author":[{"embeddable":true,"href":"https:\/\/cusstawiski.pl\/index.php?rest_route=\/wp\/v2\/users\/1"}],"replies":[{"embeddable":true,"href":"https:\/\/cusstawiski.pl\/index.php?rest_route=%2Fwp%2Fv2%2Fcomments&post=4609"}],"version-history":[{"count":5,"href":"https:\/\/cusstawiski.pl\/index.php?rest_route=\/wp\/v2\/posts\/4609\/revisions"}],"predecessor-version":[{"id":4616,"href":"https:\/\/cusstawiski.pl\/index.php?rest_route=\/wp\/v2\/posts\/4609\/revisions\/4616"}],"wp:featuredmedia":[{"embeddable":true,"href":"https:\/\/cusstawiski.pl\/index.php?rest_route=\/wp\/v2\/media\/4612"}],"wp:attachment":[{"href":"https:\/\/cusstawiski.pl\/index.php?rest_route=%2Fwp%2Fv2%2Fmedia&parent=4609"}],"wp:term":[{"taxonomy":"category","embeddable":true,"href":"https:\/\/cusstawiski.pl\/index.php?rest_route=%2Fwp%2Fv2%2Fcategories&post=4609"},{"taxonomy":"post_tag","embeddable":true,"href":"https:\/\/cusstawiski.pl\/index.php?rest_route=%2Fwp%2Fv2%2Ftags&post=4609"}],"curies":[{"name":"wp","href":"https:\/\/api.w.org\/{rel}","templated":true}]}}